{"id":60715,"date":"2022-11-18T11:55:15","date_gmt":"2022-11-18T11:55:15","guid":{"rendered":"https:\/\/www.sylwester.pl\/przewodnik\/jak-czesto-mozna-farbowac-wlosy\/"},"modified":"2024-09-04T10:59:21","modified_gmt":"2024-09-04T10:59:21","slug":"jak-czesto-mozna-farbowac-wlosy","status":"publish","type":"post","link":"https:\/\/www.sylwester.pl\/przewodnik\/jak-czesto-mozna-farbowac-wlosy\/","title":{"rendered":"Jak cz\u0119sto mo\u017cna farbowa\u0107 w\u0142osy?"},"content":{"rendered":"\n<p><a href=\"https:\/\/www.garnier.pl\/artykul\/koloryzacja\/jak-czesto-powinnas-zmieniac-kolor-wlosow\" target=\"_blank\" rel=\"noreferrer noopener\">Co ile mo\u017cna farbowa\u0107 w\u0142osy?<\/a> Farbowanie w\u0142os\u00f3w to \u015bwietny spos\u00f3b na zmian\u0119 wygl\u0105du, ale warto wiedzie\u0107 jak cz\u0119sto mo\u017cna to robi\u0107 bez szkody dla w\u0142os\u00f3w. Cz\u0119stotliwo\u015b\u0107, z jak\u0105 mo\u017cesz farbowa\u0107 w\u0142osy zale\u017cy od kilku czynnik\u00f3w, takich jak rodzaj u\u017cywanej farby, stan w\u0142os\u00f3w i cz\u0119stotliwo\u015b\u0107 ich mycia. W tym wpisie om\u00f3wimy wszystkie te czynniki i podamy kilka wskaz\u00f3wek, jak zachowa\u0107 zdrowe w\u0142osy i jednocze\u015bnie m\u00f3c eksperymentowa\u0107 z r\u00f3\u017cnymi kolorami.<\/p>\n\n\n\n<!--more-->\n\n\n\n<h2 class=\"wp-block-heading\">Jak cz\u0119sto mo\u017cna bezpiecznie farbowa\u0107 w\u0142osy?<\/h2>\n\n\n\n<p>Og\u00f3lnie rzecz bior\u0105c, bezpiecznie jest farbowa\u0107 w\u0142osy co 4-6 tygodni. Je\u015bli jednak chcesz farbowa\u0107 w\u0142osy cz\u0119\u015bciej, mo\u017cesz zrobi\u0107 kilka rzeczy, aby zminimalizowa\u0107 ryzyko uszkodzenia w\u0142os\u00f3w:<\/p>\n\n\n\n<ul class=\"wp-block-list\">\n<li>U\u017cywaj delikatnego szamponu i od\u017cywki bez siarczan\u00f3w, aby nie pozbawia\u0107 w\u0142os\u00f3w naturalnych olejk\u00f3w.<\/li>\n\n\n\n<li>Przynajmniej raz w tygodniu stosuj g\u0142\u0119bok\u0105 od\u017cywk\u0119 lub mask\u0119 do w\u0142os\u00f3w.<\/li>\n\n\n\n<li>U\u017cywaj farby o niskiej zawarto\u015bci amoniaku lub bez.<\/li>\n\n\n\n<li>Unikaj nadmiernego przetwarzania, trzymaj\u0105c si\u0119 tego samego odcienia lub przechodz\u0105c o jeden odcie\u0144 ja\u015bniejszy lub ciemniejszy.<\/li>\n<\/ul>\n\n\n\n<h2 class=\"wp-block-heading\">Jakie s\u0105 zagro\u017cenia zwi\u0105zane z cz\u0119stym farbowaniem w\u0142os\u00f3w?<\/h2>\n\n\n\n<p>Zbyt cz\u0119ste farbowanie w\u0142os\u00f3w mo\u017ce prowadzi\u0107 do wielu zagro\u017ce\u0144, w tym:<\/p>\n\n\n\n<ul class=\"wp-block-list\">\n<li>Zniszczenia w\u0142os\u00f3w &#8211; Nadmierne farbowanie w\u0142os\u00f3w mo\u017ce spowodowa\u0107, \u017ce stan\u0105 si\u0119 one suche i \u0142amliwe, a nawet mo\u017ce doprowadzi\u0107 do ich z\u0142amania.<\/li>\n\n\n\n<li>Blakni\u0119cie &#8211; Zbyt cz\u0119ste farbowanie w\u0142os\u00f3w mo\u017ce spowodowa\u0107 szybkie blakni\u0119cie koloru, pozostawiaj\u0105c nier\u00f3wny wygl\u0105d.<\/li>\n\n\n\n<li>Pozbawienie w\u0142os\u00f3w naturalnych olejk\u00f3w &#8211; cz\u0119ste farbowanie mo\u017ce pozbawi\u0107 w\u0142osy naturalnych olejk\u00f3w, kt\u00f3re je chroni\u0105, co prowadzi do ich matowego, pozbawionego \u017cycia wygl\u0105du.<\/li>\n\n\n\n<li>Zwi\u0119kszenie wra\u017cliwo\u015bci &#8211; zbyt cz\u0119ste farbowanie w\u0142os\u00f3w mo\u017ce zwi\u0119kszy\u0107 ich wra\u017cliwo\u015b\u0107, przez co b\u0119d\u0105 bardziej podatne na uszkodzenia spowodowane stylizacj\u0105 termiczn\u0105 i czynnikami \u015brodowiskowymi.<\/li>\n<\/ul>\n\n\n\n<h2 class=\"wp-block-heading\">Jak zachowa\u0107 zdrowe w\u0142osy podczas cz\u0119stego farbowania<\/h2>\n\n\n\n<p>Je\u015bli jeste\u015b jedn\u0105 z tych os\u00f3b, kt\u00f3re nie wyobra\u017caj\u0105 sobie przej\u015bcia przez tydzie\u0144 bez farbowania w\u0142os\u00f3w, mamy dobr\u0105 wiadomo\u015b\u0107: nie musisz! Mo\u017cesz farbowa\u0107 w\u0142osy tak cz\u0119sto, jak chcesz, nie powoduj\u0105c \u017cadnych szk\u00f3d, o ile zachowasz kilka \u015brodk\u00f3w ostro\u017cno\u015bci.<\/p>\n\n\n\n<ol class=\"wp-block-list\">\n<li>Po pierwsze, upewnij si\u0119, \u017ce u\u017cywasz delikatnego szamponu i od\u017cywki bez siarczan\u00f3w. Produkty te pomog\u0105 chroni\u0107 Twoje w\u0142osy przed ostrymi chemikaliami zawartymi w farbie do w\u0142os\u00f3w.<\/li>\n\n\n\n<li>Po drugie, raz w tygodniu stosuj g\u0142\u0119bok\u0105 od\u017cywk\u0119. Pomo\u017ce to zachowa\u0107 nawil\u017cenie i zdrowie Twoich w\u0142os\u00f3w.<\/li>\n\n\n\n<li>Po trzecie, unikaj u\u017cywania gor\u0105cych narz\u0119dzi na w\u0142osach. Ciep\u0142o mo\u017ce uszkodzi\u0107 w\u0142osy i utrudni\u0107 ich farbowanie.<\/li>\n\n\n\n<li>Po czwarte, staraj si\u0119 nie my\u0107 w\u0142os\u00f3w na dzie\u0144 lub dwa przed planowanym ponownym farbowaniem. Pomo\u017ce to zachowa\u0107 kolor poprzedniego farbowania.<\/li>\n<\/ol>\n\n\n\n<p>Stosuj\u0105c si\u0119 do tych prostych wskaz\u00f3wek, mo\u017cesz zachowa\u0107 zdrowe w\u0142osy i farbowa\u0107 je tak cz\u0119sto, jak chcesz!<\/p>\n\n\n\n<h2 class=\"wp-block-heading\">Najlepsze domowe i profesjonalne farby do w\u0142os\u00f3w<\/h2>\n\n\n\n<p>Istnieje wiele czynnik\u00f3w, kt\u00f3re nale\u017cy wzi\u0105\u0107 pod uwag\u0119 przy wyborze najlepszej dla Ciebie farby do w\u0142os\u00f3w. Tw\u00f3j odcie\u0144 sk\u00f3ry, rodzaj w\u0142os\u00f3w i po\u017c\u0105dane rezultaty odgrywaj\u0105 rol\u0119 w znalezieniu odpowiedniego odcienia. Je\u015bli szukasz farby do w\u0142os\u00f3w w domu, zalecamy u\u017cycie tymczasowej lub p\u00f3\u0142trwa\u0142ej opcji. Takie farby nie przenikaj\u0105 do kory w\u0142osa, wi\u0119c s\u0105 mniej podatne na uszkodzenia. Profesjonalna farba do w\u0142os\u00f3w to \u015bwietna opcja, je\u015bli szukasz bardziej d\u0142ugotrwa\u0142ych rezultat\u00f3w. Minusem jest to, \u017ce formu\u0142y te mog\u0105 by\u0107 bardziej szorstkie dla Twoich kosmyk\u00f3w. Pami\u0119taj, aby skonsultowa\u0107 si\u0119 ze swoim stylist\u0105 i znale\u017a\u0107 najlepszy profesjonalny kolor w\u0142os\u00f3w dla swoich potrzeb.<\/p>\n\n\n\n<h2 class=\"wp-block-heading\">Jak wybra\u0107 odpowiedni dla siebie kolor w\u0142os\u00f3w?<\/h2>\n\n\n\n<p>Istnieje wiele czynnik\u00f3w, kt\u00f3re nale\u017cy rozwa\u017cy\u0107 przy wyborze odpowiedniego koloru w\u0142os\u00f3w dla Ciebie. Oto kilka rzeczy, o kt\u00f3rych warto pami\u0119ta\u0107:<\/p>\n\n\n\n<ul class=\"wp-block-list\">\n<li>Tw\u00f3j odcie\u0144 sk\u00f3ry: Jest to prawdopodobnie najwa\u017cniejszy czynnik do rozwa\u017cenia przy wyborze koloru w\u0142os\u00f3w. Chcesz mie\u0107 pewno\u015b\u0107, \u017ce kolor, kt\u00f3ry wybierzesz, uzupe\u0142ni Tw\u00f3j odcie\u0144 sk\u00f3ry.<\/li>\n\n\n\n<li>Tw\u00f3j kolor oczu: Innym wa\u017cnym czynnikiem do rozwa\u017cenia jest kolor oczu. Chcesz wybra\u0107 kolor w\u0142os\u00f3w, kt\u00f3ry sprawi, \u017ce twoje oczy b\u0119d\u0105 si\u0119 wyr\u00f3\u017cnia\u0107.<\/li>\n\n\n\n<li>Tw\u00f3j naturalny kolor w\u0142os\u00f3w: Je\u015bli nie chcesz dokona\u0107 du\u017cej zmiany, mo\u017cesz wybra\u0107 kolor w\u0142os\u00f3w, kt\u00f3ry jest podobny do Twojego naturalnego koloru w\u0142os\u00f3w. To pomo\u017ce zapewni\u0107, \u017ce kolor wygl\u0105da naturalnie i pochlebne na ciebie.<\/li>\n\n\n\n<li>Twoja fryzura: Styl Twoich w\u0142os\u00f3w mo\u017ce r\u00f3wnie\u017c wp\u0142yn\u0105\u0107 na to, jaki kolor w\u0142os\u00f3w wygl\u0105da na Tobie najlepiej. Na przyk\u0142ad, je\u017celi masz kr\u00f3tkie, cieniowane w\u0142osy, to odwa\u017cniejszy kolor w\u0142os\u00f3w mo\u017ce wygl\u0105da\u0107 na Tobie \u015bwietnie. Je\u017celi jednak masz d\u0142ugie, proste w\u0142osy, wtedy bardziej subtelny odcie\u0144 mo\u017ce by\u0107 dla Ciebie bardziej odpowiedni.<\/li>\n<\/ul>\n\n\n\n<p><\/p>\n\n\n\n<p>Farbowanie w\u0142os\u00f3w to \u015bwietny spos\u00f3b na eksperymentowanie z r\u00f3\u017cnymi stylami i kolorami, ale wa\u017cne jest, by wiedzie\u0107 jak cz\u0119sto mo\u017cna farbowa\u0107 w\u0142osy bez ich uszkodzenia. Mamy nadziej\u0119, \u017ce ten artyku\u0142 pom\u00f3g\u0142 wyja\u015bni\u0107 niekt\u00f3re niejasno\u015bci zwi\u0105zane z cz\u0119stotliwo\u015bci\u0105 farbowania w\u0142os\u00f3w i da\u0142 ci wskaz\u00f3wki, jak chroni\u0107 w\u0142osy przed uszkodzeniami. Pami\u0119taj, \u017ce w razie w\u0105tpliwo\u015bci, zawsze konsultuj si\u0119 z profesjonalnym stylist\u0105 lub koloryst\u0105!<\/p>\n\n\n\n<p>Zdj\u0119cie g\u0142\u00f3wne : fot. Canva, CC0<\/p>\n\n\n\n<p><\/p>\n","protected":false},"excerpt":{"rendered":"<p>Co ile mo\u017cna farbowa\u0107 w\u0142osy? Farbowanie w\u0142os\u00f3w to \u015bwietny spos\u00f3b na zmian\u0119 wygl\u0105du, ale warto wiedzie\u0107 jak cz\u0119sto mo\u017cna to robi\u0107 bez szkody dla w\u0142os\u00f3w. Cz\u0119stotliwo\u015b\u0107, z jak\u0105 mo\u017cesz farbowa\u0107 w\u0142osy zale\u017cy od kilku czynnik\u00f3w, takich jak rodzaj u\u017cywanej farby, stan w\u0142os\u00f3w i cz\u0119stotliwo\u015b\u0107 ich mycia. W tym wpisie om\u00f3wimy wszystkie te czynniki i podamy [&hellip;]<\/p>\n","protected":false},"author":6,"featured_media":62901,"comment_status":"open","ping_status":"closed","sticky":false,"template":"","format":"standard","meta":{"footnotes":""},"categories":[112],"tags":[],"class_list":["post-60715","post","type-post","status-publish","format-standard","has-post-thumbnail","hentry","category-wyglad-uroda"],"yoast_head":"<!-- This site is optimized with the Yoast SEO plugin v23.4 - https:\/\/yoast.com\/wordpress\/plugins\/seo\/ -->\n<title>Jak cz\u0119sto mo\u017cna farbowa\u0107 w\u0142osy? - Sylwester.pl<\/title>\n<meta name=\"robots\" content=\"index, follow, max-snippet:-1, max-image-preview:large, max-video-preview:-1\" \/>\n<link rel=\"canonical\" href=\"https:\/\/www.sylwester.pl\/przewodnik\/jak-czesto-mozna-farbowac-wlosy\/\" \/>\n<meta property=\"og:locale\" content=\"pl_PL\" \/>\n<meta property=\"og:type\" content=\"article\" \/>\n<meta property=\"og:title\" content=\"Jak cz\u0119sto mo\u017cna farbowa\u0107 w\u0142osy? - Sylwester.pl\" \/>\n<meta property=\"og:description\" content=\"Co ile mo\u017cna farbowa\u0107 w\u0142osy? Farbowanie w\u0142os\u00f3w to \u015bwietny spos\u00f3b na zmian\u0119 wygl\u0105du, ale warto wiedzie\u0107 jak cz\u0119sto mo\u017cna to robi\u0107 bez szkody dla w\u0142os\u00f3w. Cz\u0119stotliwo\u015b\u0107, z jak\u0105 mo\u017cesz farbowa\u0107 w\u0142osy zale\u017cy od kilku czynnik\u00f3w, takich jak rodzaj u\u017cywanej farby, stan w\u0142os\u00f3w i cz\u0119stotliwo\u015b\u0107 ich mycia. W tym wpisie om\u00f3wimy wszystkie te czynniki i podamy [&hellip;]\" \/>\n<meta property=\"og:url\" content=\"https:\/\/www.sylwester.pl\/przewodnik\/jak-czesto-mozna-farbowac-wlosy\/\" \/>\n<meta property=\"og:site_name\" content=\"Sylwester.pl\" \/>\n<meta property=\"article:published_time\" content=\"2022-11-18T11:55:15+00:00\" \/>\n<meta property=\"article:modified_time\" content=\"2024-09-04T10:59:21+00:00\" \/>\n<meta property=\"og:image\" content=\"https:\/\/www.sylwester.pl\/przewodnik\/wp-content\/uploads\/9D5EB18C-AE18-4D05-9361-A2C8F7BDEB90.png\" \/>\n\t<meta property=\"og:image:width\" content=\"1080\" \/>\n\t<meta property=\"og:image:height\" content=\"1080\" \/>\n\t<meta property=\"og:image:type\" content=\"image\/png\" \/>\n<meta name=\"author\" content=\"Sylwestrowo\" \/>\n<meta name=\"twitter:card\" content=\"summary_large_image\" \/>\n<meta name=\"twitter:label1\" content=\"Napisane przez\" \/>\n\t<meta name=\"twitter:data1\" content=\"Sylwestrowo\" \/>\n\t<meta name=\"twitter:label2\" content=\"Szacowany czas czytania\" \/>\n\t<meta name=\"twitter:data2\" content=\"5 minut\" \/>\n<script type=\"application\/ld+json\" class=\"yoast-schema-graph\">{\"@context\":\"https:\/\/schema.org\",\"@graph\":[{\"@type\":\"Article\",\"@id\":\"https:\/\/www.sylwester.pl\/przewodnik\/jak-czesto-mozna-farbowac-wlosy\/#article\",\"isPartOf\":{\"@id\":\"https:\/\/www.sylwester.pl\/przewodnik\/jak-czesto-mozna-farbowac-wlosy\/\"},\"author\":{\"name\":\"Sylwestrowo\",\"@id\":\"https:\/\/www.sylwester.pl\/przewodnik\/#\/schema\/person\/5a2dccd53cb782c2c018fd539e75c0a2\"},\"headline\":\"Jak cz\u0119sto mo\u017cna farbowa\u0107 w\u0142osy?\",\"datePublished\":\"2022-11-18T11:55:15+00:00\",\"dateModified\":\"2024-09-04T10:59:21+00:00\",\"mainEntityOfPage\":{\"@id\":\"https:\/\/www.sylwester.pl\/przewodnik\/jak-czesto-mozna-farbowac-wlosy\/\"},\"wordCount\":983,\"commentCount\":0,\"publisher\":{\"@id\":\"https:\/\/www.sylwester.pl\/przewodnik\/#organization\"},\"image\":{\"@id\":\"https:\/\/www.sylwester.pl\/przewodnik\/jak-czesto-mozna-farbowac-wlosy\/#primaryimage\"},\"thumbnailUrl\":\"https:\/\/www.sylwester.pl\/przewodnik\/wp-content\/uploads\/9D5EB18C-AE18-4D05-9361-A2C8F7BDEB90.png\",\"articleSection\":[\"Wygl\u0105d na sylwestra\"],\"inLanguage\":\"pl-PL\",\"potentialAction\":[{\"@type\":\"CommentAction\",\"name\":\"Comment\",\"target\":[\"https:\/\/www.sylwester.pl\/przewodnik\/jak-czesto-mozna-farbowac-wlosy\/#respond\"]}]},{\"@type\":\"WebPage\",\"@id\":\"https:\/\/www.sylwester.pl\/przewodnik\/jak-czesto-mozna-farbowac-wlosy\/\",\"url\":\"https:\/\/www.sylwester.pl\/przewodnik\/jak-czesto-mozna-farbowac-wlosy\/\",\"name\":\"Jak cz\u0119sto mo\u017cna farbowa\u0107 w\u0142osy? - Sylwester.pl\",\"isPartOf\":{\"@id\":\"https:\/\/www.sylwester.pl\/przewodnik\/#website\"},\"primaryImageOfPage\":{\"@id\":\"https:\/\/www.sylwester.pl\/przewodnik\/jak-czesto-mozna-farbowac-wlosy\/#primaryimage\"},\"image\":{\"@id\":\"https:\/\/www.sylwester.pl\/przewodnik\/jak-czesto-mozna-farbowac-wlosy\/#primaryimage\"},\"thumbnailUrl\":\"https:\/\/www.sylwester.pl\/przewodnik\/wp-content\/uploads\/9D5EB18C-AE18-4D05-9361-A2C8F7BDEB90.png\",\"datePublished\":\"2022-11-18T11:55:15+00:00\",\"dateModified\":\"2024-09-04T10:59:21+00:00\",\"breadcrumb\":{\"@id\":\"https:\/\/www.sylwester.pl\/przewodnik\/jak-czesto-mozna-farbowac-wlosy\/#breadcrumb\"},\"inLanguage\":\"pl-PL\",\"potentialAction\":[{\"@type\":\"ReadAction\",\"target\":[\"https:\/\/www.sylwester.pl\/przewodnik\/jak-czesto-mozna-farbowac-wlosy\/\"]}]},{\"@type\":\"ImageObject\",\"inLanguage\":\"pl-PL\",\"@id\":\"https:\/\/www.sylwester.pl\/przewodnik\/jak-czesto-mozna-farbowac-wlosy\/#primaryimage\",\"url\":\"https:\/\/www.sylwester.pl\/przewodnik\/wp-content\/uploads\/9D5EB18C-AE18-4D05-9361-A2C8F7BDEB90.png\",\"contentUrl\":\"https:\/\/www.sylwester.pl\/przewodnik\/wp-content\/uploads\/9D5EB18C-AE18-4D05-9361-A2C8F7BDEB90.png\",\"width\":1080,\"height\":1080},{\"@type\":\"BreadcrumbList\",\"@id\":\"https:\/\/www.sylwester.pl\/przewodnik\/jak-czesto-mozna-farbowac-wlosy\/#breadcrumb\",\"itemListElement\":[{\"@type\":\"ListItem\",\"position\":1,\"name\":\"Strona g\u0142\u00f3wna\",\"item\":\"https:\/\/www.sylwester.pl\/przewodnik\/\"},{\"@type\":\"ListItem\",\"position\":2,\"name\":\"Jak cz\u0119sto mo\u017cna farbowa\u0107 w\u0142osy?\"}]},{\"@type\":\"WebSite\",\"@id\":\"https:\/\/www.sylwester.pl\/przewodnik\/#website\",\"url\":\"https:\/\/www.sylwester.pl\/przewodnik\/\",\"name\":\"Sylwester.pl\",\"description\":\"Sylwester zaczyna si\u0119 tutaj.\",\"publisher\":{\"@id\":\"https:\/\/www.sylwester.pl\/przewodnik\/#organization\"},\"potentialAction\":[{\"@type\":\"SearchAction\",\"target\":{\"@type\":\"EntryPoint\",\"urlTemplate\":\"https:\/\/www.sylwester.pl\/przewodnik\/?s={search_term_string}\"},\"query-input\":{\"@type\":\"PropertyValueSpecification\",\"valueRequired\":true,\"valueName\":\"search_term_string\"}}],\"inLanguage\":\"pl-PL\"},{\"@type\":\"Organization\",\"@id\":\"https:\/\/www.sylwester.pl\/przewodnik\/#organization\",\"name\":\"Sylwester.pl\",\"url\":\"https:\/\/www.sylwester.pl\/przewodnik\/\",\"logo\":{\"@type\":\"ImageObject\",\"inLanguage\":\"pl-PL\",\"@id\":\"https:\/\/www.sylwester.pl\/przewodnik\/#\/schema\/logo\/image\/\",\"url\":\"https:\/\/www.sylwester.pl\/przewodnik\/wp-content\/uploads\/logo-sylwester.png\",\"contentUrl\":\"https:\/\/www.sylwester.pl\/przewodnik\/wp-content\/uploads\/logo-sylwester.png\",\"width\":177,\"height\":40,\"caption\":\"Sylwester.pl\"},\"image\":{\"@id\":\"https:\/\/www.sylwester.pl\/przewodnik\/#\/schema\/logo\/image\/\"}},{\"@type\":\"Person\",\"@id\":\"https:\/\/www.sylwester.pl\/przewodnik\/#\/schema\/person\/5a2dccd53cb782c2c018fd539e75c0a2\",\"name\":\"Sylwestrowo\",\"url\":\"https:\/\/www.sylwester.pl\/przewodnik\/author\/sylwestrowo\/\"}]}<\/script>\n<!-- \/ Yoast SEO plugin. -->","yoast_head_json":{"title":"Jak cz\u0119sto mo\u017cna farbowa\u0107 w\u0142osy? - Sylwester.pl","robots":{"index":"index","follow":"follow","max-snippet":"max-snippet:-1","max-image-preview":"max-image-preview:large","max-video-preview":"max-video-preview:-1"},"canonical":"https:\/\/www.sylwester.pl\/przewodnik\/jak-czesto-mozna-farbowac-wlosy\/","og_locale":"pl_PL","og_type":"article","og_title":"Jak cz\u0119sto mo\u017cna farbowa\u0107 w\u0142osy? - Sylwester.pl","og_description":"Co ile mo\u017cna farbowa\u0107 w\u0142osy? Farbowanie w\u0142os\u00f3w to \u015bwietny spos\u00f3b na zmian\u0119 wygl\u0105du, ale warto wiedzie\u0107 jak cz\u0119sto mo\u017cna to robi\u0107 bez szkody dla w\u0142os\u00f3w. Cz\u0119stotliwo\u015b\u0107, z jak\u0105 mo\u017cesz farbowa\u0107 w\u0142osy zale\u017cy od kilku czynnik\u00f3w, takich jak rodzaj u\u017cywanej farby, stan w\u0142os\u00f3w i cz\u0119stotliwo\u015b\u0107 ich mycia. W tym wpisie om\u00f3wimy wszystkie te czynniki i podamy [&hellip;]","og_url":"https:\/\/www.sylwester.pl\/przewodnik\/jak-czesto-mozna-farbowac-wlosy\/","og_site_name":"Sylwester.pl","article_published_time":"2022-11-18T11:55:15+00:00","article_modified_time":"2024-09-04T10:59:21+00:00","og_image":[{"width":1080,"height":1080,"url":"https:\/\/www.sylwester.pl\/przewodnik\/wp-content\/uploads\/9D5EB18C-AE18-4D05-9361-A2C8F7BDEB90.png","type":"image\/png"}],"author":"Sylwestrowo","twitter_card":"summary_large_image","twitter_misc":{"Napisane przez":"Sylwestrowo","Szacowany czas czytania":"5 minut"},"schema":{"@context":"https:\/\/schema.org","@graph":[{"@type":"Article","@id":"https:\/\/www.sylwester.pl\/przewodnik\/jak-czesto-mozna-farbowac-wlosy\/#article","isPartOf":{"@id":"https:\/\/www.sylwester.pl\/przewodnik\/jak-czesto-mozna-farbowac-wlosy\/"},"author":{"name":"Sylwestrowo","@id":"https:\/\/www.sylwester.pl\/przewodnik\/#\/schema\/person\/5a2dccd53cb782c2c018fd539e75c0a2"},"headline":"Jak cz\u0119sto mo\u017cna farbowa\u0107 w\u0142osy?","datePublished":"2022-11-18T11:55:15+00:00","dateModified":"2024-09-04T10:59:21+00:00","mainEntityOfPage":{"@id":"https:\/\/www.sylwester.pl\/przewodnik\/jak-czesto-mozna-farbowac-wlosy\/"},"wordCount":983,"commentCount":0,"publisher":{"@id":"https:\/\/www.sylwester.pl\/przewodnik\/#organization"},"image":{"@id":"https:\/\/www.sylwester.pl\/przewodnik\/jak-czesto-mozna-farbowac-wlosy\/#primaryimage"},"thumbnailUrl":"https:\/\/www.sylwester.pl\/przewodnik\/wp-content\/uploads\/9D5EB18C-AE18-4D05-9361-A2C8F7BDEB90.png","articleSection":["Wygl\u0105d na sylwestra"],"inLanguage":"pl-PL","potentialAction":[{"@type":"CommentAction","name":"Comment","target":["https:\/\/www.sylwester.pl\/przewodnik\/jak-czesto-mozna-farbowac-wlosy\/#respond"]}]},{"@type":"WebPage","@id":"https:\/\/www.sylwester.pl\/przewodnik\/jak-czesto-mozna-farbowac-wlosy\/","url":"https:\/\/www.sylwester.pl\/przewodnik\/jak-czesto-mozna-farbowac-wlosy\/","name":"Jak cz\u0119sto mo\u017cna farbowa\u0107 w\u0142osy? - Sylwester.pl","isPartOf":{"@id":"https:\/\/www.sylwester.pl\/przewodnik\/#website"},"primaryImageOfPage":{"@id":"https:\/\/www.sylwester.pl\/przewodnik\/jak-czesto-mozna-farbowac-wlosy\/#primaryimage"},"image":{"@id":"https:\/\/www.sylwester.pl\/przewodnik\/jak-czesto-mozna-farbowac-wlosy\/#primaryimage"},"thumbnailUrl":"https:\/\/www.sylwester.pl\/przewodnik\/wp-content\/uploads\/9D5EB18C-AE18-4D05-9361-A2C8F7BDEB90.png","datePublished":"2022-11-18T11:55:15+00:00","dateModified":"2024-09-04T10:59:21+00:00","breadcrumb":{"@id":"https:\/\/www.sylwester.pl\/przewodnik\/jak-czesto-mozna-farbowac-wlosy\/#breadcrumb"},"inLanguage":"pl-PL","potentialAction":[{"@type":"ReadAction","target":["https:\/\/www.sylwester.pl\/przewodnik\/jak-czesto-mozna-farbowac-wlosy\/"]}]},{"@type":"ImageObject","inLanguage":"pl-PL","@id":"https:\/\/www.sylwester.pl\/przewodnik\/jak-czesto-mozna-farbowac-wlosy\/#primaryimage","url":"https:\/\/www.sylwester.pl\/przewodnik\/wp-content\/uploads\/9D5EB18C-AE18-4D05-9361-A2C8F7BDEB90.png","contentUrl":"https:\/\/www.sylwester.pl\/przewodnik\/wp-content\/uploads\/9D5EB18C-AE18-4D05-9361-A2C8F7BDEB90.png","width":1080,"height":1080},{"@type":"BreadcrumbList","@id":"https:\/\/www.sylwester.pl\/przewodnik\/jak-czesto-mozna-farbowac-wlosy\/#breadcrumb","itemListElement":[{"@type":"ListItem","position":1,"name":"Strona g\u0142\u00f3wna","item":"https:\/\/www.sylwester.pl\/przewodnik\/"},{"@type":"ListItem","position":2,"name":"Jak cz\u0119sto mo\u017cna farbowa\u0107 w\u0142osy?"}]},{"@type":"WebSite","@id":"https:\/\/www.sylwester.pl\/przewodnik\/#website","url":"https:\/\/www.sylwester.pl\/przewodnik\/","name":"Sylwester.pl","description":"Sylwester zaczyna si\u0119 tutaj.","publisher":{"@id":"https:\/\/www.sylwester.pl\/przewodnik\/#organization"},"potentialAction":[{"@type":"SearchAction","target":{"@type":"EntryPoint","urlTemplate":"https:\/\/www.sylwester.pl\/przewodnik\/?s={search_term_string}"},"query-input":{"@type":"PropertyValueSpecification","valueRequired":true,"valueName":"search_term_string"}}],"inLanguage":"pl-PL"},{"@type":"Organization","@id":"https:\/\/www.sylwester.pl\/przewodnik\/#organization","name":"Sylwester.pl","url":"https:\/\/www.sylwester.pl\/przewodnik\/","logo":{"@type":"ImageObject","inLanguage":"pl-PL","@id":"https:\/\/www.sylwester.pl\/przewodnik\/#\/schema\/logo\/image\/","url":"https:\/\/www.sylwester.pl\/przewodnik\/wp-content\/uploads\/logo-sylwester.png","contentUrl":"https:\/\/www.sylwester.pl\/przewodnik\/wp-content\/uploads\/logo-sylwester.png","width":177,"height":40,"caption":"Sylwester.pl"},"image":{"@id":"https:\/\/www.sylwester.pl\/przewodnik\/#\/schema\/logo\/image\/"}},{"@type":"Person","@id":"https:\/\/www.sylwester.pl\/przewodnik\/#\/schema\/person\/5a2dccd53cb782c2c018fd539e75c0a2","name":"Sylwestrowo","url":"https:\/\/www.sylwester.pl\/przewodnik\/author\/sylwestrowo\/"}]}},"_links":{"self":[{"href":"https:\/\/www.sylwester.pl\/przewodnik\/wp-json\/wp\/v2\/posts\/60715"}],"collection":[{"href":"https:\/\/www.sylwester.pl\/przewodnik\/wp-json\/wp\/v2\/posts"}],"about":[{"href":"https:\/\/www.sylwester.pl\/przewodnik\/wp-json\/wp\/v2\/types\/post"}],"author":[{"embeddable":true,"href":"https:\/\/www.sylwester.pl\/przewodnik\/wp-json\/wp\/v2\/users\/6"}],"replies":[{"embeddable":true,"href":"https:\/\/www.sylwester.pl\/przewodnik\/wp-json\/wp\/v2\/comments?post=60715"}],"version-history":[{"count":2,"href":"https:\/\/www.sylwester.pl\/przewodnik\/wp-json\/wp\/v2\/posts\/60715\/revisions"}],"predecessor-version":[{"id":62902,"href":"https:\/\/www.sylwester.pl\/przewodnik\/wp-json\/wp\/v2\/posts\/60715\/revisions\/62902"}],"wp:featuredmedia":[{"embeddable":true,"href":"https:\/\/www.sylwester.pl\/przewodnik\/wp-json\/wp\/v2\/media\/62901"}],"wp:attachment":[{"href":"https:\/\/www.sylwester.pl\/przewodnik\/wp-json\/wp\/v2\/media?parent=60715"}],"wp:term":[{"taxonomy":"category","embeddable":true,"href":"https:\/\/www.sylwester.pl\/przewodnik\/wp-json\/wp\/v2\/categories?post=60715"},{"taxonomy":"post_tag","embeddable":true,"href":"https:\/\/www.sylwester.pl\/przewodnik\/wp-json\/wp\/v2\/tags?post=60715"}],"curies":[{"name":"wp","href":"https:\/\/api.w.org\/{rel}","templated":true}]}}