{"id":60714,"date":"2022-11-17T15:04:49","date_gmt":"2022-11-17T15:04:49","guid":{"rendered":"https:\/\/www.sylwester.pl\/przewodnik\/korekta-koloru-wlosow-cieple-i-chlodne-odcienie\/"},"modified":"2024-09-04T11:02:31","modified_gmt":"2024-09-04T11:02:31","slug":"korekta-koloru-wlosow-cieple-i-chlodne-odcienie","status":"publish","type":"post","link":"https:\/\/www.sylwester.pl\/przewodnik\/korekta-koloru-wlosow-cieple-i-chlodne-odcienie\/","title":{"rendered":"Korekta koloru w\u0142os\u00f3w &#8211; ciep\u0142e i ch\u0142odne odcienie"},"content":{"rendered":"\n<p>Czy kiedykolwiek mia\u0142a\u015b farbowane w\u0142osy i by\u0142a\u015b rozczarowana rezultatem? Mo\u017ce nie jest to w\u0142a\u015bciwy odcie\u0144, a mo\u017ce tonacja nie jest odpowiednia. Tak czy inaczej, mo\u017ce to by\u0107 frustruj\u0105ce. Korekta koloru w\u0142os\u00f3w to proces naprawiania tych problem\u00f3w, dzi\u0119ki kt\u00f3remu mo\u017cesz uzyska\u0107 taki odcie\u0144, jaki chcesz. <a href=\"https:\/\/www.lorealparis.pl\/jaka-farba-do-wlosow-blond-jest-modna-w-tym-sezonie\" target=\"_blank\" rel=\"noreferrer noopener\">Jak och\u0142odzi\u0107 kolor w\u0142os\u00f3w?<\/a> Jak go ociepli\u0107? W tym artykule dowiemy si\u0119, jak korygowa\u0107 zar\u00f3wno ciep\u0142e, jak i ch\u0142odne tony na w\u0142osach, aby uzyska\u0107 idealny odcie\u0144.<\/p>\n\n\n\n<!--more-->\n\n\n\n<p>Bez wzgl\u0119du na to, jaki jest Tw\u00f3j naturalny kolor w\u0142os\u00f3w, zawsze mo\u017cesz znale\u017a\u0107 kolor, kt\u00f3ry dope\u0142ni Tw\u00f3j odcie\u0144 sk\u00f3ry. Czasami jednak znalezienie odpowiedniego odcienia lub osi\u0105gni\u0119cie idealnego tonu mo\u017ce by\u0107 trudne. Korekta koloru w\u0142os\u00f3w to proces rozwi\u0105zywania tych problem\u00f3w, dzi\u0119ki kt\u00f3remu mo\u017cesz uzyska\u0107 taki kolor, jaki chcesz. W tym wpisie dowiemy si\u0119, jak korygowa\u0107 zar\u00f3wno ciep\u0142e, jak i ch\u0142odne tony w\u0142os\u00f3w, aby uzyska\u0107 idealny odcie\u0144.<\/p>\n\n\n\n<h2 class=\"wp-block-heading\">Czym jest korekta koloru w\u0142os\u00f3w?<\/h2>\n\n\n\n<p>Je\u015bli chodzi o kolor w\u0142os\u00f3w, istnieje wiele czynnik\u00f3w, kt\u00f3re wchodz\u0105 w gr\u0119. Najwa\u017cniejsz\u0105 rzecz\u0105, o kt\u00f3rej nale\u017cy pami\u0119ta\u0107 jest to, \u017ce w\u0142osy ka\u017cdego cz\u0142owieka s\u0105 inne. Idealny odcie\u0144 dla jednej osoby mo\u017ce nie by\u0107 odpowiedni dla kogo\u015b innego. Dlatego tak wa\u017cne jest, aby przed dokonaniem jakichkolwiek odwa\u017cnych zmian, skonsultowa\u0107 si\u0119 z profesjonalnym koloryst\u0105.<\/p>\n\n\n\n<p>Korekta koloru to proces dostosowywania koloru w\u0142os\u00f3w w celu uzyskania po\u017c\u0105danego wygl\u0105du. Mo\u017ce to by\u0107 wszystko, od rozja\u015bnienia lub przyciemnienia, do zmiany tonu w\u0142os\u00f3w. To poprawienie niepo\u017c\u0105danych odcieni, kt\u00f3re mog\u0142y by\u0107 spowodowane przez poprzednie farbowanie, kt\u00f3re posz\u0142o \u017ale.<\/p>\n\n\n\n<h2 class=\"wp-block-heading\">Dlaczego ludzie poddaj\u0105 si\u0119 korekcie koloru w\u0142os\u00f3w?<\/h2>\n\n\n\n<p>Korekta koloru w\u0142os\u00f3w jest konieczna, gdy na w\u0142osach zosta\u0142 zastosowany niew\u0142a\u015bciwy odcie\u0144. Mo\u017ce to wynika\u0107 z wielu powod\u00f3w, takich jak:<\/p>\n\n\n\n<ul class=\"wp-block-list\">\n<li>Stylista \u017ale oceni\u0142 poziom potrzebnego uniesienia i sko\u0144czy\u0142o si\u0119 na w\u0142osach, kt\u00f3re s\u0105 zbyt ciemne.<\/li>\n\n\n\n<li>Klientka nie poinformowa\u0142a odpowiednio o swoich oczekiwaniach i otrzyma\u0142a kolor w\u0142os\u00f3w, z kt\u00f3rego nie jest zadowolona.<\/li>\n\n\n\n<li>Formu\u0142a farby zosta\u0142a \u017ale wymieszana, co doprowadzi\u0142o do powstania niepo\u017c\u0105danego odcienia.<\/li>\n<\/ul>\n\n\n\n<p>Najcz\u0119\u015bciej korekta koloru w\u0142os\u00f3w wykonywana jest w celu poprawienia zbyt ciemnych lub zbyt jasnych w\u0142os\u00f3w. W niekt\u00f3rych przypadkach, mo\u017ce by\u0107 r\u00f3wnie\u017c konieczne, aby poprawi\u0107 ton koloru, tak jak uczynienie go bardziej cool-toned lub bardziej ciep\u0142y-toned.<\/p>\n\n\n\n<h2 class=\"wp-block-heading\">R\u00f3\u017cne rodzaje korekty koloru w\u0142os\u00f3w<\/h2>\n\n\n\n<p>Niezale\u017cnie od tego, czy chcesz uzyska\u0107 cieplejszy czy ch\u0142odniejszy kolor w\u0142os\u00f3w, korekta koloru w\u0142os\u00f3w mo\u017ce pom\u00f3c Ci osi\u0105gn\u0105\u0107 zamierzony cel. Oto kilka r\u00f3\u017cnych rodzaj\u00f3w korekty, kt\u00f3re mo\u017cna wykona\u0107:<\/p>\n\n\n\n<ul class=\"wp-block-list\">\n<li>Tonowanie:\u00a0 to rodzaj korekty koloru, kt\u00f3ry pomaga wyr\u00f3wna\u0107 ton Twoich w\u0142os\u00f3w, czy jest on zbyt pomara\u0144czowy lub \u017c\u00f3\u0142ty od rozja\u015bniania, czy te\u017c zbyt niebieski lub fioletowy od farbowania. Tonowanie mo\u017ce r\u00f3wnie\u017c pom\u00f3c w od\u015bwie\u017ceniu wyblak\u0142ych kolor\u00f3w w\u0142os\u00f3w.<\/li>\n\n\n\n<li>R\u00f3wnowa\u017cenie kolor\u00f3w: je\u015bli masz kilka kolor\u00f3w na w\u0142osach z poprzednich zabieg\u00f3w koloryzacji, r\u00f3wnowa\u017cenie kolor\u00f3w mo\u017ce pom\u00f3c wyr\u00f3wna\u0107 odcienie i da\u0107 bardziej sp\u00f3jny wygl\u0105d.<\/li>\n\n\n\n<li>Odrosty: dotkni\u0119cie odrost\u00f3w jest rodzajem korekty, kt\u00f3ra mo\u017ce pom\u00f3c utrzyma\u0107 \u015bwie\u017cy wygl\u0105d w\u0142os\u00f3w pomi\u0119dzy koloryzacjami. Jest to szczeg\u00f3lnie wa\u017cne, je\u015bli masz zauwa\u017calny odrost.<\/li>\n\n\n\n<li>Rozja\u015bnianie: je\u015bli chcesz rozja\u015bni\u0107 sw\u00f3j kolor w\u0142os\u00f3w lub uczyni\u0107 go bardziej subtelnym, blakni\u0119cie mo\u017ce pom\u00f3c w stonowaniu intensywno\u015bci koloru. Fading mo\u017ce by\u0107 r\u00f3wnie\u017c stosowany do mieszania dw\u00f3ch kolor\u00f3w razem, aby uzyska\u0107 bardziej naturalny wygl\u0105d.<\/li>\n<\/ul>\n\n\n\n<h2 class=\"wp-block-heading\">Piel\u0119gnacja po korekcie koloru w\u0142os\u00f3w<\/h2>\n\n\n\n<p>Po korekcie koloru w\u0142os\u00f3w, wa\u017cne jest, aby dba\u0107 o w\u0142osy, aby zachowa\u0107 ich najlepszy wygl\u0105d. Oto kilka wskaz\u00f3wek dotycz\u0105cych piel\u0119gnacji po korekcie:<\/p>\n\n\n\n<ul class=\"wp-block-list\">\n<li>U\u017cywaj szamponu i od\u017cywki bezpiecznych dla koloru. Unikaj produkt\u00f3w z siarczanami, kt\u00f3re mog\u0105 usun\u0105\u0107 kolor z w\u0142os\u00f3w.<\/li>\n\n\n\n<li>Raz w tygodniu stosuj g\u0142\u0119bok\u0105 od\u017cywk\u0119 do w\u0142os\u00f3w. Pomo\u017ce to w nawil\u017ceniu i przywr\u00f3ceniu wilgoci w\u0142osom.<\/li>\n\n\n\n<li>W miar\u0119 mo\u017cliwo\u015bci unikaj stosowania urz\u0105dze\u0144 do ich stylizacji. Je\u015bli musisz ich u\u017cywa\u0107, pami\u0119taj o zastosowaniu sprayu termoochronnego.<\/li>\n\n\n\n<li>Ogranicz czas sp\u0119dzany na s\u0142o\u0144cu. Promienie UV mog\u0105 powodowa\u0107 blakni\u0119cie i uszkodzenia koloru w\u0142os\u00f3w. Je\u015bli b\u0119dziesz sp\u0119dza\u0107 czas na zewn\u0105trz, za\u0142\u00f3\u017c kapelusz lub chust\u0119, aby chroni\u0107 w\u0142osy.<br><\/li>\n<\/ul>\n\n\n\n<p>Korekta koloru w\u0142os\u00f3w mo\u017ce by\u0107 trudnym procesem, ale jest zdecydowanie warta tego, by uzyska\u0107 sw\u00f3j idealny odcie\u0144. Je\u015bli nie jeste\u015b pewna jak farbowa\u0107 w\u0142osy i od czego zacz\u0105\u0107, polecamy konsultacj\u0119 z profesjonalnym fryzjerem, kt\u00f3ry pomo\u017ce Ci znale\u017a\u0107 najlepszy spos\u00f3b na uzyskanie po\u017c\u0105danego wygl\u0105du. W mi\u0119dzyczasie, mamy nadziej\u0119, \u017ce ten artyku\u0142 pozwoli\u0142 Ci lepiej zrozumie\u0107, jak korygowa\u0107 ciep\u0142e i ch\u0142odne odcienie w\u0142os\u00f3w.<\/p>\n\n\n\n<p>Zdj\u0119cie g\u0142\u00f3wne : fot. Canva, CC0<\/p>\n\n\n\n<p><\/p>\n","protected":false},"excerpt":{"rendered":"<p>Czy kiedykolwiek mia\u0142a\u015b farbowane w\u0142osy i by\u0142a\u015b rozczarowana rezultatem? Mo\u017ce nie jest to w\u0142a\u015bciwy odcie\u0144, a mo\u017ce tonacja nie jest odpowiednia. Tak czy inaczej, mo\u017ce to by\u0107 frustruj\u0105ce. Korekta koloru w\u0142os\u00f3w to proces naprawiania tych problem\u00f3w, dzi\u0119ki kt\u00f3remu mo\u017cesz uzyska\u0107 taki odcie\u0144, jaki chcesz. Jak och\u0142odzi\u0107 kolor w\u0142os\u00f3w? Jak go ociepli\u0107? W tym artykule dowiemy [&hellip;]<\/p>\n","protected":false},"author":6,"featured_media":62903,"comment_status":"open","ping_status":"closed","sticky":false,"template":"","format":"standard","meta":{"footnotes":""},"categories":[112],"tags":[],"class_list":["post-60714","post","type-post","status-publish","format-standard","has-post-thumbnail","hentry","category-wyglad-uroda"],"yoast_head":"<!-- This site is optimized with the Yoast SEO plugin v23.4 - https:\/\/yoast.com\/wordpress\/plugins\/seo\/ -->\n<title>Korekta koloru w\u0142os\u00f3w - ciep\u0142e i ch\u0142odne odcienie - Sylwester.pl<\/title>\n<meta name=\"robots\" content=\"index, follow, max-snippet:-1, max-image-preview:large, max-video-preview:-1\" \/>\n<link rel=\"canonical\" href=\"https:\/\/www.sylwester.pl\/przewodnik\/korekta-koloru-wlosow-cieple-i-chlodne-odcienie\/\" \/>\n<meta property=\"og:locale\" content=\"pl_PL\" \/>\n<meta property=\"og:type\" content=\"article\" \/>\n<meta property=\"og:title\" content=\"Korekta koloru w\u0142os\u00f3w - ciep\u0142e i ch\u0142odne odcienie - Sylwester.pl\" \/>\n<meta property=\"og:description\" content=\"Czy kiedykolwiek mia\u0142a\u015b farbowane w\u0142osy i by\u0142a\u015b rozczarowana rezultatem? Mo\u017ce nie jest to w\u0142a\u015bciwy odcie\u0144, a mo\u017ce tonacja nie jest odpowiednia. Tak czy inaczej, mo\u017ce to by\u0107 frustruj\u0105ce. Korekta koloru w\u0142os\u00f3w to proces naprawiania tych problem\u00f3w, dzi\u0119ki kt\u00f3remu mo\u017cesz uzyska\u0107 taki odcie\u0144, jaki chcesz. Jak och\u0142odzi\u0107 kolor w\u0142os\u00f3w? Jak go ociepli\u0107? W tym artykule dowiemy [&hellip;]\" \/>\n<meta property=\"og:url\" content=\"https:\/\/www.sylwester.pl\/przewodnik\/korekta-koloru-wlosow-cieple-i-chlodne-odcienie\/\" \/>\n<meta property=\"og:site_name\" content=\"Sylwester.pl\" \/>\n<meta property=\"article:published_time\" content=\"2022-11-17T15:04:49+00:00\" \/>\n<meta property=\"article:modified_time\" content=\"2024-09-04T11:02:31+00:00\" \/>\n<meta property=\"og:image\" content=\"https:\/\/www.sylwester.pl\/przewodnik\/wp-content\/uploads\/96C3CD31-59D4-44CD-8F28-D758B040D180.png\" \/>\n\t<meta property=\"og:image:width\" content=\"1080\" \/>\n\t<meta property=\"og:image:height\" content=\"1080\" \/>\n\t<meta property=\"og:image:type\" content=\"image\/png\" \/>\n<meta name=\"author\" content=\"Sylwestrowo\" \/>\n<meta name=\"twitter:card\" content=\"summary_large_image\" \/>\n<meta name=\"twitter:label1\" content=\"Napisane przez\" \/>\n\t<meta name=\"twitter:data1\" content=\"Sylwestrowo\" \/>\n\t<meta name=\"twitter:label2\" content=\"Szacowany czas czytania\" \/>\n\t<meta name=\"twitter:data2\" content=\"4 minuty\" \/>\n<script type=\"application\/ld+json\" class=\"yoast-schema-graph\">{\"@context\":\"https:\/\/schema.org\",\"@graph\":[{\"@type\":\"Article\",\"@id\":\"https:\/\/www.sylwester.pl\/przewodnik\/korekta-koloru-wlosow-cieple-i-chlodne-odcienie\/#article\",\"isPartOf\":{\"@id\":\"https:\/\/www.sylwester.pl\/przewodnik\/korekta-koloru-wlosow-cieple-i-chlodne-odcienie\/\"},\"author\":{\"name\":\"Sylwestrowo\",\"@id\":\"https:\/\/www.sylwester.pl\/przewodnik\/#\/schema\/person\/5a2dccd53cb782c2c018fd539e75c0a2\"},\"headline\":\"Korekta koloru w\u0142os\u00f3w &#8211; ciep\u0142e i ch\u0142odne odcienie\",\"datePublished\":\"2022-11-17T15:04:49+00:00\",\"dateModified\":\"2024-09-04T11:02:31+00:00\",\"mainEntityOfPage\":{\"@id\":\"https:\/\/www.sylwester.pl\/przewodnik\/korekta-koloru-wlosow-cieple-i-chlodne-odcienie\/\"},\"wordCount\":910,\"commentCount\":0,\"publisher\":{\"@id\":\"https:\/\/www.sylwester.pl\/przewodnik\/#organization\"},\"image\":{\"@id\":\"https:\/\/www.sylwester.pl\/przewodnik\/korekta-koloru-wlosow-cieple-i-chlodne-odcienie\/#primaryimage\"},\"thumbnailUrl\":\"https:\/\/www.sylwester.pl\/przewodnik\/wp-content\/uploads\/96C3CD31-59D4-44CD-8F28-D758B040D180.png\",\"articleSection\":[\"Wygl\u0105d na sylwestra\"],\"inLanguage\":\"pl-PL\",\"potentialAction\":[{\"@type\":\"CommentAction\",\"name\":\"Comment\",\"target\":[\"https:\/\/www.sylwester.pl\/przewodnik\/korekta-koloru-wlosow-cieple-i-chlodne-odcienie\/#respond\"]}]},{\"@type\":\"WebPage\",\"@id\":\"https:\/\/www.sylwester.pl\/przewodnik\/korekta-koloru-wlosow-cieple-i-chlodne-odcienie\/\",\"url\":\"https:\/\/www.sylwester.pl\/przewodnik\/korekta-koloru-wlosow-cieple-i-chlodne-odcienie\/\",\"name\":\"Korekta koloru w\u0142os\u00f3w - ciep\u0142e i ch\u0142odne odcienie - Sylwester.pl\",\"isPartOf\":{\"@id\":\"https:\/\/www.sylwester.pl\/przewodnik\/#website\"},\"primaryImageOfPage\":{\"@id\":\"https:\/\/www.sylwester.pl\/przewodnik\/korekta-koloru-wlosow-cieple-i-chlodne-odcienie\/#primaryimage\"},\"image\":{\"@id\":\"https:\/\/www.sylwester.pl\/przewodnik\/korekta-koloru-wlosow-cieple-i-chlodne-odcienie\/#primaryimage\"},\"thumbnailUrl\":\"https:\/\/www.sylwester.pl\/przewodnik\/wp-content\/uploads\/96C3CD31-59D4-44CD-8F28-D758B040D180.png\",\"datePublished\":\"2022-11-17T15:04:49+00:00\",\"dateModified\":\"2024-09-04T11:02:31+00:00\",\"breadcrumb\":{\"@id\":\"https:\/\/www.sylwester.pl\/przewodnik\/korekta-koloru-wlosow-cieple-i-chlodne-odcienie\/#breadcrumb\"},\"inLanguage\":\"pl-PL\",\"potentialAction\":[{\"@type\":\"ReadAction\",\"target\":[\"https:\/\/www.sylwester.pl\/przewodnik\/korekta-koloru-wlosow-cieple-i-chlodne-odcienie\/\"]}]},{\"@type\":\"ImageObject\",\"inLanguage\":\"pl-PL\",\"@id\":\"https:\/\/www.sylwester.pl\/przewodnik\/korekta-koloru-wlosow-cieple-i-chlodne-odcienie\/#primaryimage\",\"url\":\"https:\/\/www.sylwester.pl\/przewodnik\/wp-content\/uploads\/96C3CD31-59D4-44CD-8F28-D758B040D180.png\",\"contentUrl\":\"https:\/\/www.sylwester.pl\/przewodnik\/wp-content\/uploads\/96C3CD31-59D4-44CD-8F28-D758B040D180.png\",\"width\":1080,\"height\":1080},{\"@type\":\"BreadcrumbList\",\"@id\":\"https:\/\/www.sylwester.pl\/przewodnik\/korekta-koloru-wlosow-cieple-i-chlodne-odcienie\/#breadcrumb\",\"itemListElement\":[{\"@type\":\"ListItem\",\"position\":1,\"name\":\"Strona g\u0142\u00f3wna\",\"item\":\"https:\/\/www.sylwester.pl\/przewodnik\/\"},{\"@type\":\"ListItem\",\"position\":2,\"name\":\"Korekta koloru w\u0142os\u00f3w &#8211; ciep\u0142e i ch\u0142odne odcienie\"}]},{\"@type\":\"WebSite\",\"@id\":\"https:\/\/www.sylwester.pl\/przewodnik\/#website\",\"url\":\"https:\/\/www.sylwester.pl\/przewodnik\/\",\"name\":\"Sylwester.pl\",\"description\":\"Sylwester zaczyna si\u0119 tutaj.\",\"publisher\":{\"@id\":\"https:\/\/www.sylwester.pl\/przewodnik\/#organization\"},\"potentialAction\":[{\"@type\":\"SearchAction\",\"target\":{\"@type\":\"EntryPoint\",\"urlTemplate\":\"https:\/\/www.sylwester.pl\/przewodnik\/?s={search_term_string}\"},\"query-input\":{\"@type\":\"PropertyValueSpecification\",\"valueRequired\":true,\"valueName\":\"search_term_string\"}}],\"inLanguage\":\"pl-PL\"},{\"@type\":\"Organization\",\"@id\":\"https:\/\/www.sylwester.pl\/przewodnik\/#organization\",\"name\":\"Sylwester.pl\",\"url\":\"https:\/\/www.sylwester.pl\/przewodnik\/\",\"logo\":{\"@type\":\"ImageObject\",\"inLanguage\":\"pl-PL\",\"@id\":\"https:\/\/www.sylwester.pl\/przewodnik\/#\/schema\/logo\/image\/\",\"url\":\"https:\/\/www.sylwester.pl\/przewodnik\/wp-content\/uploads\/logo-sylwester.png\",\"contentUrl\":\"https:\/\/www.sylwester.pl\/przewodnik\/wp-content\/uploads\/logo-sylwester.png\",\"width\":177,\"height\":40,\"caption\":\"Sylwester.pl\"},\"image\":{\"@id\":\"https:\/\/www.sylwester.pl\/przewodnik\/#\/schema\/logo\/image\/\"}},{\"@type\":\"Person\",\"@id\":\"https:\/\/www.sylwester.pl\/przewodnik\/#\/schema\/person\/5a2dccd53cb782c2c018fd539e75c0a2\",\"name\":\"Sylwestrowo\",\"url\":\"https:\/\/www.sylwester.pl\/przewodnik\/author\/sylwestrowo\/\"}]}<\/script>\n<!-- \/ Yoast SEO plugin. -->","yoast_head_json":{"title":"Korekta koloru w\u0142os\u00f3w - ciep\u0142e i ch\u0142odne odcienie - Sylwester.pl","robots":{"index":"index","follow":"follow","max-snippet":"max-snippet:-1","max-image-preview":"max-image-preview:large","max-video-preview":"max-video-preview:-1"},"canonical":"https:\/\/www.sylwester.pl\/przewodnik\/korekta-koloru-wlosow-cieple-i-chlodne-odcienie\/","og_locale":"pl_PL","og_type":"article","og_title":"Korekta koloru w\u0142os\u00f3w - ciep\u0142e i ch\u0142odne odcienie - Sylwester.pl","og_description":"Czy kiedykolwiek mia\u0142a\u015b farbowane w\u0142osy i by\u0142a\u015b rozczarowana rezultatem? Mo\u017ce nie jest to w\u0142a\u015bciwy odcie\u0144, a mo\u017ce tonacja nie jest odpowiednia. Tak czy inaczej, mo\u017ce to by\u0107 frustruj\u0105ce. Korekta koloru w\u0142os\u00f3w to proces naprawiania tych problem\u00f3w, dzi\u0119ki kt\u00f3remu mo\u017cesz uzyska\u0107 taki odcie\u0144, jaki chcesz. Jak och\u0142odzi\u0107 kolor w\u0142os\u00f3w? Jak go ociepli\u0107? W tym artykule dowiemy [&hellip;]","og_url":"https:\/\/www.sylwester.pl\/przewodnik\/korekta-koloru-wlosow-cieple-i-chlodne-odcienie\/","og_site_name":"Sylwester.pl","article_published_time":"2022-11-17T15:04:49+00:00","article_modified_time":"2024-09-04T11:02:31+00:00","og_image":[{"width":1080,"height":1080,"url":"https:\/\/www.sylwester.pl\/przewodnik\/wp-content\/uploads\/96C3CD31-59D4-44CD-8F28-D758B040D180.png","type":"image\/png"}],"author":"Sylwestrowo","twitter_card":"summary_large_image","twitter_misc":{"Napisane przez":"Sylwestrowo","Szacowany czas czytania":"4 minuty"},"schema":{"@context":"https:\/\/schema.org","@graph":[{"@type":"Article","@id":"https:\/\/www.sylwester.pl\/przewodnik\/korekta-koloru-wlosow-cieple-i-chlodne-odcienie\/#article","isPartOf":{"@id":"https:\/\/www.sylwester.pl\/przewodnik\/korekta-koloru-wlosow-cieple-i-chlodne-odcienie\/"},"author":{"name":"Sylwestrowo","@id":"https:\/\/www.sylwester.pl\/przewodnik\/#\/schema\/person\/5a2dccd53cb782c2c018fd539e75c0a2"},"headline":"Korekta koloru w\u0142os\u00f3w &#8211; ciep\u0142e i ch\u0142odne odcienie","datePublished":"2022-11-17T15:04:49+00:00","dateModified":"2024-09-04T11:02:31+00:00","mainEntityOfPage":{"@id":"https:\/\/www.sylwester.pl\/przewodnik\/korekta-koloru-wlosow-cieple-i-chlodne-odcienie\/"},"wordCount":910,"commentCount":0,"publisher":{"@id":"https:\/\/www.sylwester.pl\/przewodnik\/#organization"},"image":{"@id":"https:\/\/www.sylwester.pl\/przewodnik\/korekta-koloru-wlosow-cieple-i-chlodne-odcienie\/#primaryimage"},"thumbnailUrl":"https:\/\/www.sylwester.pl\/przewodnik\/wp-content\/uploads\/96C3CD31-59D4-44CD-8F28-D758B040D180.png","articleSection":["Wygl\u0105d na sylwestra"],"inLanguage":"pl-PL","potentialAction":[{"@type":"CommentAction","name":"Comment","target":["https:\/\/www.sylwester.pl\/przewodnik\/korekta-koloru-wlosow-cieple-i-chlodne-odcienie\/#respond"]}]},{"@type":"WebPage","@id":"https:\/\/www.sylwester.pl\/przewodnik\/korekta-koloru-wlosow-cieple-i-chlodne-odcienie\/","url":"https:\/\/www.sylwester.pl\/przewodnik\/korekta-koloru-wlosow-cieple-i-chlodne-odcienie\/","name":"Korekta koloru w\u0142os\u00f3w - ciep\u0142e i ch\u0142odne odcienie - Sylwester.pl","isPartOf":{"@id":"https:\/\/www.sylwester.pl\/przewodnik\/#website"},"primaryImageOfPage":{"@id":"https:\/\/www.sylwester.pl\/przewodnik\/korekta-koloru-wlosow-cieple-i-chlodne-odcienie\/#primaryimage"},"image":{"@id":"https:\/\/www.sylwester.pl\/przewodnik\/korekta-koloru-wlosow-cieple-i-chlodne-odcienie\/#primaryimage"},"thumbnailUrl":"https:\/\/www.sylwester.pl\/przewodnik\/wp-content\/uploads\/96C3CD31-59D4-44CD-8F28-D758B040D180.png","datePublished":"2022-11-17T15:04:49+00:00","dateModified":"2024-09-04T11:02:31+00:00","breadcrumb":{"@id":"https:\/\/www.sylwester.pl\/przewodnik\/korekta-koloru-wlosow-cieple-i-chlodne-odcienie\/#breadcrumb"},"inLanguage":"pl-PL","potentialAction":[{"@type":"ReadAction","target":["https:\/\/www.sylwester.pl\/przewodnik\/korekta-koloru-wlosow-cieple-i-chlodne-odcienie\/"]}]},{"@type":"ImageObject","inLanguage":"pl-PL","@id":"https:\/\/www.sylwester.pl\/przewodnik\/korekta-koloru-wlosow-cieple-i-chlodne-odcienie\/#primaryimage","url":"https:\/\/www.sylwester.pl\/przewodnik\/wp-content\/uploads\/96C3CD31-59D4-44CD-8F28-D758B040D180.png","contentUrl":"https:\/\/www.sylwester.pl\/przewodnik\/wp-content\/uploads\/96C3CD31-59D4-44CD-8F28-D758B040D180.png","width":1080,"height":1080},{"@type":"BreadcrumbList","@id":"https:\/\/www.sylwester.pl\/przewodnik\/korekta-koloru-wlosow-cieple-i-chlodne-odcienie\/#breadcrumb","itemListElement":[{"@type":"ListItem","position":1,"name":"Strona g\u0142\u00f3wna","item":"https:\/\/www.sylwester.pl\/przewodnik\/"},{"@type":"ListItem","position":2,"name":"Korekta koloru w\u0142os\u00f3w &#8211; ciep\u0142e i ch\u0142odne odcienie"}]},{"@type":"WebSite","@id":"https:\/\/www.sylwester.pl\/przewodnik\/#website","url":"https:\/\/www.sylwester.pl\/przewodnik\/","name":"Sylwester.pl","description":"Sylwester zaczyna si\u0119 tutaj.","publisher":{"@id":"https:\/\/www.sylwester.pl\/przewodnik\/#organization"},"potentialAction":[{"@type":"SearchAction","target":{"@type":"EntryPoint","urlTemplate":"https:\/\/www.sylwester.pl\/przewodnik\/?s={search_term_string}"},"query-input":{"@type":"PropertyValueSpecification","valueRequired":true,"valueName":"search_term_string"}}],"inLanguage":"pl-PL"},{"@type":"Organization","@id":"https:\/\/www.sylwester.pl\/przewodnik\/#organization","name":"Sylwester.pl","url":"https:\/\/www.sylwester.pl\/przewodnik\/","logo":{"@type":"ImageObject","inLanguage":"pl-PL","@id":"https:\/\/www.sylwester.pl\/przewodnik\/#\/schema\/logo\/image\/","url":"https:\/\/www.sylwester.pl\/przewodnik\/wp-content\/uploads\/logo-sylwester.png","contentUrl":"https:\/\/www.sylwester.pl\/przewodnik\/wp-content\/uploads\/logo-sylwester.png","width":177,"height":40,"caption":"Sylwester.pl"},"image":{"@id":"https:\/\/www.sylwester.pl\/przewodnik\/#\/schema\/logo\/image\/"}},{"@type":"Person","@id":"https:\/\/www.sylwester.pl\/przewodnik\/#\/schema\/person\/5a2dccd53cb782c2c018fd539e75c0a2","name":"Sylwestrowo","url":"https:\/\/www.sylwester.pl\/przewodnik\/author\/sylwestrowo\/"}]}},"_links":{"self":[{"href":"https:\/\/www.sylwester.pl\/przewodnik\/wp-json\/wp\/v2\/posts\/60714"}],"collection":[{"href":"https:\/\/www.sylwester.pl\/przewodnik\/wp-json\/wp\/v2\/posts"}],"about":[{"href":"https:\/\/www.sylwester.pl\/przewodnik\/wp-json\/wp\/v2\/types\/post"}],"author":[{"embeddable":true,"href":"https:\/\/www.sylwester.pl\/przewodnik\/wp-json\/wp\/v2\/users\/6"}],"replies":[{"embeddable":true,"href":"https:\/\/www.sylwester.pl\/przewodnik\/wp-json\/wp\/v2\/comments?post=60714"}],"version-history":[{"count":2,"href":"https:\/\/www.sylwester.pl\/przewodnik\/wp-json\/wp\/v2\/posts\/60714\/revisions"}],"predecessor-version":[{"id":62904,"href":"https:\/\/www.sylwester.pl\/przewodnik\/wp-json\/wp\/v2\/posts\/60714\/revisions\/62904"}],"wp:featuredmedia":[{"embeddable":true,"href":"https:\/\/www.sylwester.pl\/przewodnik\/wp-json\/wp\/v2\/media\/62903"}],"wp:attachment":[{"href":"https:\/\/www.sylwester.pl\/przewodnik\/wp-json\/wp\/v2\/media?parent=60714"}],"wp:term":[{"taxonomy":"category","embeddable":true,"href":"https:\/\/www.sylwester.pl\/przewodnik\/wp-json\/wp\/v2\/categories?post=60714"},{"taxonomy":"post_tag","embeddable":true,"href":"https:\/\/www.sylwester.pl\/przewodnik\/wp-json\/wp\/v2\/tags?post=60714"}],"curies":[{"name":"wp","href":"https:\/\/api.w.org\/{rel}","templated":true}]}}