{"id":60672,"date":"2019-12-20T15:23:15","date_gmt":"2019-12-20T15:23:15","guid":{"rendered":"https:\/\/www.sylwester.pl\/przewodnik\/na-sylwestrze-miejskim-tvn-w-warszawie-wystapi-gorniak-i-kombii\/"},"modified":"2023-10-18T09:23:06","modified_gmt":"2023-10-18T09:23:06","slug":"na-sylwestrze-miejskim-tvn-w-warszawie-wystapi-gorniak-i-kombii","status":"publish","type":"post","link":"https:\/\/www.sylwester.pl\/przewodnik\/na-sylwestrze-miejskim-tvn-w-warszawie-wystapi-gorniak-i-kombii\/","title":{"rendered":"Na sylwestrze miejskim TVN w Warszawie wyst\u0105pi G\u00f3rniak i Kombii"},"content":{"rendered":"\n<p><strong>Znamy ju\u017c nazwiska pierwszych gwiazd, kt\u00f3rzy wyst\u0105pi\u0105 na sylwestrze miejskim z TVN<\/strong>. <strong>Nie zabraknie Edyty G\u00f3rniak czy zespo\u0142u Kombii. Jedno te\u017c wiemy na pewno &#8211; b\u0119dzie si\u0119 dzia\u0142o! <\/strong><\/p>\n\n\n<p><!--more--><\/p>\n\n\n<p>TVN rozpocz\u0105\u0142 ju\u017c przygotowania do sylwestra miejskiego w Warszawie. Podobnie jak w zesz\u0142ym roku, mieszka\u0144cy oraz tury\u015bci b\u0119d\u0105 mogli go \u015bwi\u0119towa\u0107 na Placu Bankowym. Impreza ma potrwa\u0107 5 godzin! <\/p>\n\n\n\n<p>Jak ju\u017c wiemy &#8211; w tym roku w Warszawie nie odb\u0119dzie si\u0119 pokaz fajerwerk\u00f3w.<\/p>\n\n\n\n<p>Wybudowana na t\u0119 okazj\u0119 scena b\u0119dzie ogromna. Jej rozmiary to a\u017c 24x40m. Budowa zacznie si\u0119 6 grudnia. <\/p>\n\n\n\n<p>Nie znamy jeszcze dok\u0142adnego programu sylwestra miejskiego w Warszawie, ani prowadz\u0105cych. Wci\u0105\u017c czekamy na informacje ze stacji TVN. <\/p>\n\n\n\n<p>\u017ar\u00f3d\u0142o:  https:\/\/kronika24.pl<br>zdj\u0119cie: sylwester w stolicy 2018 (fot.estrada)<\/p>\n\n\n\n<blockquote class=\"wp-block-quote is-layout-flow wp-block-quote-is-layout-flow\"><p>Wolisz przywita\u0107 Nowy Rok w lokalu? Sprawd\u017a nasze oferty: <a href=\"https:\/\/www.sylwester.pl\/sylwester\/warszawa\/\">sylwester w Warszawie<\/a>.  <br> A je\u015bli planujesz d\u0142u\u017cszy pobyt &#8211; zobacz <a href=\"https:\/\/www.sylwester.pl\/noclegi\/warszawa\/\">noclegi w Warszawie<\/a>.   <\/p><\/blockquote>\n\n\n\n<p><\/p>\n","protected":false},"excerpt":{"rendered":"<p>Znamy ju\u017c nazwiska pierwszych gwiazd, kt\u00f3rzy wyst\u0105pi\u0105 na sylwestrze miejskim z TVN. Nie zabraknie Edyty G\u00f3rniak czy zespo\u0142u Kombii. Jedno te\u017c wiemy na pewno &#8211; b\u0119dzie si\u0119 dzia\u0142o!<\/p>\n","protected":false},"author":6,"featured_media":59123,"comment_status":"open","ping_status":"closed","sticky":false,"template":"","format":"standard","meta":{"footnotes":""},"categories":[109],"tags":[223,255,263,307,328],"class_list":["post-60672","post","type-post","status-publish","format-standard","has-post-thumbnail","hentry","category-sylwester-miejski","tag-sylwester-miejski-2019","tag-sylwester-miejski-w-warszawie","tag-sylwester-na-placu-bankowym","tag-sylwester-z-tvn","tag-warszawa"],"yoast_head":"<!-- This site is optimized with the Yoast SEO plugin v23.4 - https:\/\/yoast.com\/wordpress\/plugins\/seo\/ -->\n<title>Na sylwestrze miejskim TVN w Warszawie wyst\u0105pi G\u00f3rniak i Kombii - Sylwester.pl<\/title>\n<meta name=\"robots\" content=\"index, follow, max-snippet:-1, max-image-preview:large, max-video-preview:-1\" \/>\n<link rel=\"canonical\" href=\"https:\/\/www.sylwester.pl\/przewodnik\/na-sylwestrze-miejskim-tvn-w-warszawie-wystapi-gorniak-i-kombii\/\" \/>\n<meta property=\"og:locale\" content=\"pl_PL\" \/>\n<meta property=\"og:type\" content=\"article\" \/>\n<meta property=\"og:title\" content=\"Na sylwestrze miejskim TVN w Warszawie wyst\u0105pi G\u00f3rniak i Kombii - Sylwester.pl\" \/>\n<meta property=\"og:description\" content=\"Znamy ju\u017c nazwiska pierwszych gwiazd, kt\u00f3rzy wyst\u0105pi\u0105 na sylwestrze miejskim z TVN. Nie zabraknie Edyty G\u00f3rniak czy zespo\u0142u Kombii. Jedno te\u017c wiemy na pewno &#8211; b\u0119dzie si\u0119 dzia\u0142o!\" \/>\n<meta property=\"og:url\" content=\"https:\/\/www.sylwester.pl\/przewodnik\/na-sylwestrze-miejskim-tvn-w-warszawie-wystapi-gorniak-i-kombii\/\" \/>\n<meta property=\"og:site_name\" content=\"Sylwester.pl\" \/>\n<meta property=\"article:published_time\" content=\"2019-12-20T15:23:15+00:00\" \/>\n<meta property=\"article:modified_time\" content=\"2023-10-18T09:23:06+00:00\" \/>\n<meta property=\"og:image\" content=\"https:\/\/www.sylwester.pl\/przewodnik\/wp-content\/uploads\/sylwester-estrada-wawa.jpg\" \/>\n\t<meta property=\"og:image:width\" content=\"900\" \/>\n\t<meta property=\"og:image:height\" content=\"600\" \/>\n\t<meta property=\"og:image:type\" content=\"image\/jpeg\" \/>\n<meta name=\"author\" content=\"Sylwestrowo\" \/>\n<meta name=\"twitter:card\" content=\"summary_large_image\" \/>\n<meta name=\"twitter:label1\" content=\"Napisane przez\" \/>\n\t<meta name=\"twitter:data1\" content=\"Sylwestrowo\" \/>\n\t<meta name=\"twitter:label2\" content=\"Szacowany czas czytania\" \/>\n\t<meta name=\"twitter:data2\" content=\"1 minuta\" \/>\n<script type=\"application\/ld+json\" class=\"yoast-schema-graph\">{\"@context\":\"https:\/\/schema.org\",\"@graph\":[{\"@type\":\"Article\",\"@id\":\"https:\/\/www.sylwester.pl\/przewodnik\/na-sylwestrze-miejskim-tvn-w-warszawie-wystapi-gorniak-i-kombii\/#article\",\"isPartOf\":{\"@id\":\"https:\/\/www.sylwester.pl\/przewodnik\/na-sylwestrze-miejskim-tvn-w-warszawie-wystapi-gorniak-i-kombii\/\"},\"author\":{\"name\":\"Sylwestrowo\",\"@id\":\"https:\/\/www.sylwester.pl\/przewodnik\/#\/schema\/person\/5a2dccd53cb782c2c018fd539e75c0a2\"},\"headline\":\"Na sylwestrze miejskim TVN w Warszawie wyst\u0105pi G\u00f3rniak i Kombii\",\"datePublished\":\"2019-12-20T15:23:15+00:00\",\"dateModified\":\"2023-10-18T09:23:06+00:00\",\"mainEntityOfPage\":{\"@id\":\"https:\/\/www.sylwester.pl\/przewodnik\/na-sylwestrze-miejskim-tvn-w-warszawie-wystapi-gorniak-i-kombii\/\"},\"wordCount\":170,\"commentCount\":0,\"publisher\":{\"@id\":\"https:\/\/www.sylwester.pl\/przewodnik\/#organization\"},\"image\":{\"@id\":\"https:\/\/www.sylwester.pl\/przewodnik\/na-sylwestrze-miejskim-tvn-w-warszawie-wystapi-gorniak-i-kombii\/#primaryimage\"},\"thumbnailUrl\":\"https:\/\/www.sylwester.pl\/przewodnik\/wp-content\/uploads\/sylwester-estrada-wawa.jpg\",\"keywords\":[\"sylwester miejski 2019\",\"Sylwester miejski w Warszawie\",\"sylwester na Placu Bankowym\",\"Sylwester z TVN\",\"Warszawa\"],\"articleSection\":[\"Sylwester miejski\"],\"inLanguage\":\"pl-PL\",\"potentialAction\":[{\"@type\":\"CommentAction\",\"name\":\"Comment\",\"target\":[\"https:\/\/www.sylwester.pl\/przewodnik\/na-sylwestrze-miejskim-tvn-w-warszawie-wystapi-gorniak-i-kombii\/#respond\"]}]},{\"@type\":\"WebPage\",\"@id\":\"https:\/\/www.sylwester.pl\/przewodnik\/na-sylwestrze-miejskim-tvn-w-warszawie-wystapi-gorniak-i-kombii\/\",\"url\":\"https:\/\/www.sylwester.pl\/przewodnik\/na-sylwestrze-miejskim-tvn-w-warszawie-wystapi-gorniak-i-kombii\/\",\"name\":\"Na sylwestrze miejskim TVN w Warszawie wyst\u0105pi G\u00f3rniak i Kombii - Sylwester.pl\",\"isPartOf\":{\"@id\":\"https:\/\/www.sylwester.pl\/przewodnik\/#website\"},\"primaryImageOfPage\":{\"@id\":\"https:\/\/www.sylwester.pl\/przewodnik\/na-sylwestrze-miejskim-tvn-w-warszawie-wystapi-gorniak-i-kombii\/#primaryimage\"},\"image\":{\"@id\":\"https:\/\/www.sylwester.pl\/przewodnik\/na-sylwestrze-miejskim-tvn-w-warszawie-wystapi-gorniak-i-kombii\/#primaryimage\"},\"thumbnailUrl\":\"https:\/\/www.sylwester.pl\/przewodnik\/wp-content\/uploads\/sylwester-estrada-wawa.jpg\",\"datePublished\":\"2019-12-20T15:23:15+00:00\",\"dateModified\":\"2023-10-18T09:23:06+00:00\",\"breadcrumb\":{\"@id\":\"https:\/\/www.sylwester.pl\/przewodnik\/na-sylwestrze-miejskim-tvn-w-warszawie-wystapi-gorniak-i-kombii\/#breadcrumb\"},\"inLanguage\":\"pl-PL\",\"potentialAction\":[{\"@type\":\"ReadAction\",\"target\":[\"https:\/\/www.sylwester.pl\/przewodnik\/na-sylwestrze-miejskim-tvn-w-warszawie-wystapi-gorniak-i-kombii\/\"]}]},{\"@type\":\"ImageObject\",\"inLanguage\":\"pl-PL\",\"@id\":\"https:\/\/www.sylwester.pl\/przewodnik\/na-sylwestrze-miejskim-tvn-w-warszawie-wystapi-gorniak-i-kombii\/#primaryimage\",\"url\":\"https:\/\/www.sylwester.pl\/przewodnik\/wp-content\/uploads\/sylwester-estrada-wawa.jpg\",\"contentUrl\":\"https:\/\/www.sylwester.pl\/przewodnik\/wp-content\/uploads\/sylwester-estrada-wawa.jpg\",\"width\":900,\"height\":600},{\"@type\":\"BreadcrumbList\",\"@id\":\"https:\/\/www.sylwester.pl\/przewodnik\/na-sylwestrze-miejskim-tvn-w-warszawie-wystapi-gorniak-i-kombii\/#breadcrumb\",\"itemListElement\":[{\"@type\":\"ListItem\",\"position\":1,\"name\":\"Strona g\u0142\u00f3wna\",\"item\":\"https:\/\/www.sylwester.pl\/przewodnik\/\"},{\"@type\":\"ListItem\",\"position\":2,\"name\":\"Na sylwestrze miejskim TVN w Warszawie wyst\u0105pi G\u00f3rniak i Kombii\"}]},{\"@type\":\"WebSite\",\"@id\":\"https:\/\/www.sylwester.pl\/przewodnik\/#website\",\"url\":\"https:\/\/www.sylwester.pl\/przewodnik\/\",\"name\":\"Sylwester.pl\",\"description\":\"Sylwester zaczyna si\u0119 tutaj.\",\"publisher\":{\"@id\":\"https:\/\/www.sylwester.pl\/przewodnik\/#organization\"},\"potentialAction\":[{\"@type\":\"SearchAction\",\"target\":{\"@type\":\"EntryPoint\",\"urlTemplate\":\"https:\/\/www.sylwester.pl\/przewodnik\/?s={search_term_string}\"},\"query-input\":{\"@type\":\"PropertyValueSpecification\",\"valueRequired\":true,\"valueName\":\"search_term_string\"}}],\"inLanguage\":\"pl-PL\"},{\"@type\":\"Organization\",\"@id\":\"https:\/\/www.sylwester.pl\/przewodnik\/#organization\",\"name\":\"Sylwester.pl\",\"url\":\"https:\/\/www.sylwester.pl\/przewodnik\/\",\"logo\":{\"@type\":\"ImageObject\",\"inLanguage\":\"pl-PL\",\"@id\":\"https:\/\/www.sylwester.pl\/przewodnik\/#\/schema\/logo\/image\/\",\"url\":\"https:\/\/www.sylwester.pl\/przewodnik\/wp-content\/uploads\/logo-sylwester.png\",\"contentUrl\":\"https:\/\/www.sylwester.pl\/przewodnik\/wp-content\/uploads\/logo-sylwester.png\",\"width\":177,\"height\":40,\"caption\":\"Sylwester.pl\"},\"image\":{\"@id\":\"https:\/\/www.sylwester.pl\/przewodnik\/#\/schema\/logo\/image\/\"}},{\"@type\":\"Person\",\"@id\":\"https:\/\/www.sylwester.pl\/przewodnik\/#\/schema\/person\/5a2dccd53cb782c2c018fd539e75c0a2\",\"name\":\"Sylwestrowo\",\"url\":\"https:\/\/www.sylwester.pl\/przewodnik\/author\/sylwestrowo\/\"}]}<\/script>\n<!-- \/ Yoast SEO plugin. -->","yoast_head_json":{"title":"Na sylwestrze miejskim TVN w Warszawie wyst\u0105pi G\u00f3rniak i Kombii - Sylwester.pl","robots":{"index":"index","follow":"follow","max-snippet":"max-snippet:-1","max-image-preview":"max-image-preview:large","max-video-preview":"max-video-preview:-1"},"canonical":"https:\/\/www.sylwester.pl\/przewodnik\/na-sylwestrze-miejskim-tvn-w-warszawie-wystapi-gorniak-i-kombii\/","og_locale":"pl_PL","og_type":"article","og_title":"Na sylwestrze miejskim TVN w Warszawie wyst\u0105pi G\u00f3rniak i Kombii - Sylwester.pl","og_description":"Znamy ju\u017c nazwiska pierwszych gwiazd, kt\u00f3rzy wyst\u0105pi\u0105 na sylwestrze miejskim z TVN. Nie zabraknie Edyty G\u00f3rniak czy zespo\u0142u Kombii. Jedno te\u017c wiemy na pewno &#8211; b\u0119dzie si\u0119 dzia\u0142o!","og_url":"https:\/\/www.sylwester.pl\/przewodnik\/na-sylwestrze-miejskim-tvn-w-warszawie-wystapi-gorniak-i-kombii\/","og_site_name":"Sylwester.pl","article_published_time":"2019-12-20T15:23:15+00:00","article_modified_time":"2023-10-18T09:23:06+00:00","og_image":[{"width":900,"height":600,"url":"https:\/\/www.sylwester.pl\/przewodnik\/wp-content\/uploads\/sylwester-estrada-wawa.jpg","type":"image\/jpeg"}],"author":"Sylwestrowo","twitter_card":"summary_large_image","twitter_misc":{"Napisane przez":"Sylwestrowo","Szacowany czas czytania":"1 minuta"},"schema":{"@context":"https:\/\/schema.org","@graph":[{"@type":"Article","@id":"https:\/\/www.sylwester.pl\/przewodnik\/na-sylwestrze-miejskim-tvn-w-warszawie-wystapi-gorniak-i-kombii\/#article","isPartOf":{"@id":"https:\/\/www.sylwester.pl\/przewodnik\/na-sylwestrze-miejskim-tvn-w-warszawie-wystapi-gorniak-i-kombii\/"},"author":{"name":"Sylwestrowo","@id":"https:\/\/www.sylwester.pl\/przewodnik\/#\/schema\/person\/5a2dccd53cb782c2c018fd539e75c0a2"},"headline":"Na sylwestrze miejskim TVN w Warszawie wyst\u0105pi G\u00f3rniak i Kombii","datePublished":"2019-12-20T15:23:15+00:00","dateModified":"2023-10-18T09:23:06+00:00","mainEntityOfPage":{"@id":"https:\/\/www.sylwester.pl\/przewodnik\/na-sylwestrze-miejskim-tvn-w-warszawie-wystapi-gorniak-i-kombii\/"},"wordCount":170,"commentCount":0,"publisher":{"@id":"https:\/\/www.sylwester.pl\/przewodnik\/#organization"},"image":{"@id":"https:\/\/www.sylwester.pl\/przewodnik\/na-sylwestrze-miejskim-tvn-w-warszawie-wystapi-gorniak-i-kombii\/#primaryimage"},"thumbnailUrl":"https:\/\/www.sylwester.pl\/przewodnik\/wp-content\/uploads\/sylwester-estrada-wawa.jpg","keywords":["sylwester miejski 2019","Sylwester miejski w Warszawie","sylwester na Placu Bankowym","Sylwester z TVN","Warszawa"],"articleSection":["Sylwester miejski"],"inLanguage":"pl-PL","potentialAction":[{"@type":"CommentAction","name":"Comment","target":["https:\/\/www.sylwester.pl\/przewodnik\/na-sylwestrze-miejskim-tvn-w-warszawie-wystapi-gorniak-i-kombii\/#respond"]}]},{"@type":"WebPage","@id":"https:\/\/www.sylwester.pl\/przewodnik\/na-sylwestrze-miejskim-tvn-w-warszawie-wystapi-gorniak-i-kombii\/","url":"https:\/\/www.sylwester.pl\/przewodnik\/na-sylwestrze-miejskim-tvn-w-warszawie-wystapi-gorniak-i-kombii\/","name":"Na sylwestrze miejskim TVN w Warszawie wyst\u0105pi G\u00f3rniak i Kombii - Sylwester.pl","isPartOf":{"@id":"https:\/\/www.sylwester.pl\/przewodnik\/#website"},"primaryImageOfPage":{"@id":"https:\/\/www.sylwester.pl\/przewodnik\/na-sylwestrze-miejskim-tvn-w-warszawie-wystapi-gorniak-i-kombii\/#primaryimage"},"image":{"@id":"https:\/\/www.sylwester.pl\/przewodnik\/na-sylwestrze-miejskim-tvn-w-warszawie-wystapi-gorniak-i-kombii\/#primaryimage"},"thumbnailUrl":"https:\/\/www.sylwester.pl\/przewodnik\/wp-content\/uploads\/sylwester-estrada-wawa.jpg","datePublished":"2019-12-20T15:23:15+00:00","dateModified":"2023-10-18T09:23:06+00:00","breadcrumb":{"@id":"https:\/\/www.sylwester.pl\/przewodnik\/na-sylwestrze-miejskim-tvn-w-warszawie-wystapi-gorniak-i-kombii\/#breadcrumb"},"inLanguage":"pl-PL","potentialAction":[{"@type":"ReadAction","target":["https:\/\/www.sylwester.pl\/przewodnik\/na-sylwestrze-miejskim-tvn-w-warszawie-wystapi-gorniak-i-kombii\/"]}]},{"@type":"ImageObject","inLanguage":"pl-PL","@id":"https:\/\/www.sylwester.pl\/przewodnik\/na-sylwestrze-miejskim-tvn-w-warszawie-wystapi-gorniak-i-kombii\/#primaryimage","url":"https:\/\/www.sylwester.pl\/przewodnik\/wp-content\/uploads\/sylwester-estrada-wawa.jpg","contentUrl":"https:\/\/www.sylwester.pl\/przewodnik\/wp-content\/uploads\/sylwester-estrada-wawa.jpg","width":900,"height":600},{"@type":"BreadcrumbList","@id":"https:\/\/www.sylwester.pl\/przewodnik\/na-sylwestrze-miejskim-tvn-w-warszawie-wystapi-gorniak-i-kombii\/#breadcrumb","itemListElement":[{"@type":"ListItem","position":1,"name":"Strona g\u0142\u00f3wna","item":"https:\/\/www.sylwester.pl\/przewodnik\/"},{"@type":"ListItem","position":2,"name":"Na sylwestrze miejskim TVN w Warszawie wyst\u0105pi G\u00f3rniak i Kombii"}]},{"@type":"WebSite","@id":"https:\/\/www.sylwester.pl\/przewodnik\/#website","url":"https:\/\/www.sylwester.pl\/przewodnik\/","name":"Sylwester.pl","description":"Sylwester zaczyna si\u0119 tutaj.","publisher":{"@id":"https:\/\/www.sylwester.pl\/przewodnik\/#organization"},"potentialAction":[{"@type":"SearchAction","target":{"@type":"EntryPoint","urlTemplate":"https:\/\/www.sylwester.pl\/przewodnik\/?s={search_term_string}"},"query-input":{"@type":"PropertyValueSpecification","valueRequired":true,"valueName":"search_term_string"}}],"inLanguage":"pl-PL"},{"@type":"Organization","@id":"https:\/\/www.sylwester.pl\/przewodnik\/#organization","name":"Sylwester.pl","url":"https:\/\/www.sylwester.pl\/przewodnik\/","logo":{"@type":"ImageObject","inLanguage":"pl-PL","@id":"https:\/\/www.sylwester.pl\/przewodnik\/#\/schema\/logo\/image\/","url":"https:\/\/www.sylwester.pl\/przewodnik\/wp-content\/uploads\/logo-sylwester.png","contentUrl":"https:\/\/www.sylwester.pl\/przewodnik\/wp-content\/uploads\/logo-sylwester.png","width":177,"height":40,"caption":"Sylwester.pl"},"image":{"@id":"https:\/\/www.sylwester.pl\/przewodnik\/#\/schema\/logo\/image\/"}},{"@type":"Person","@id":"https:\/\/www.sylwester.pl\/przewodnik\/#\/schema\/person\/5a2dccd53cb782c2c018fd539e75c0a2","name":"Sylwestrowo","url":"https:\/\/www.sylwester.pl\/przewodnik\/author\/sylwestrowo\/"}]}},"_links":{"self":[{"href":"https:\/\/www.sylwester.pl\/przewodnik\/wp-json\/wp\/v2\/posts\/60672"}],"collection":[{"href":"https:\/\/www.sylwester.pl\/przewodnik\/wp-json\/wp\/v2\/posts"}],"about":[{"href":"https:\/\/www.sylwester.pl\/przewodnik\/wp-json\/wp\/v2\/types\/post"}],"author":[{"embeddable":true,"href":"https:\/\/www.sylwester.pl\/przewodnik\/wp-json\/wp\/v2\/users\/6"}],"replies":[{"embeddable":true,"href":"https:\/\/www.sylwester.pl\/przewodnik\/wp-json\/wp\/v2\/comments?post=60672"}],"version-history":[{"count":1,"href":"https:\/\/www.sylwester.pl\/przewodnik\/wp-json\/wp\/v2\/posts\/60672\/revisions"}],"predecessor-version":[{"id":61046,"href":"https:\/\/www.sylwester.pl\/przewodnik\/wp-json\/wp\/v2\/posts\/60672\/revisions\/61046"}],"wp:featuredmedia":[{"embeddable":true,"href":"https:\/\/www.sylwester.pl\/przewodnik\/wp-json\/wp\/v2\/media\/59123"}],"wp:attachment":[{"href":"https:\/\/www.sylwester.pl\/przewodnik\/wp-json\/wp\/v2\/media?parent=60672"}],"wp:term":[{"taxonomy":"category","embeddable":true,"href":"https:\/\/www.sylwester.pl\/przewodnik\/wp-json\/wp\/v2\/categories?post=60672"},{"taxonomy":"post_tag","embeddable":true,"href":"https:\/\/www.sylwester.pl\/przewodnik\/wp-json\/wp\/v2\/tags?post=60672"}],"curies":[{"name":"wp","href":"https:\/\/api.w.org\/{rel}","templated":true}]}}