{"id":60653,"date":"2019-12-19T13:55:13","date_gmt":"2019-12-19T13:55:13","guid":{"rendered":"https:\/\/www.sylwester.pl\/przewodnik\/sylwester-miejski-w-zielonej-gorze-tym-razem-z-fajewerkami\/"},"modified":"2023-10-18T09:22:57","modified_gmt":"2023-10-18T09:22:57","slug":"sylwester-miejski-w-zielonej-gorze-tym-razem-z-fajewerkami","status":"publish","type":"post","link":"https:\/\/www.sylwester.pl\/przewodnik\/sylwester-miejski-w-zielonej-gorze-tym-razem-z-fajewerkami\/","title":{"rendered":"Sylwester miejski w Zielonej G\u00f3rze &#8211; tym razem z fajewerkami"},"content":{"rendered":"\n<p><strong>Do sylwestra coraz mniej czasu, a mieszka\u0144cy miast s\u0105 coraz bardziej ciekawi co przygotowa\u0142o dla nich na ten wyj\u0105tkowy dzie\u0144 ich miasto. Jak si\u0119 okazuje, w tym roku odb\u0119dzie si\u0119 sylwester miejski w Zielonej G\u00f3rze &#8211; w dodatku z fajerwerkami. <\/strong><\/p>\n\n\n<p><!--more--><\/p>\n\n\n<p>Wed\u0142ug tego, co powiedzia\u0142 prezydent miasta Zielonej G\u00f3ry, Janusz Kubicki w tym roku odb\u0119dzie si\u0119 pokaz fajerwerk\u00f3w. <\/p>\n\n\n\n<p>Pomimo tego, \u017ce w zesz\u0142ym roku miasto nie strzela\u0142o, to strzelali ludzie obecni na sylwestrze miejski. Dlatego w tym roku, by ograniczy\u0107 nieprzyjemno\u015bci dla zwierz\u0105t, poproszono by inni nie strzelali &#8211; skoro sam pokaz si\u0119 odb\u0119dzie. <\/p>\n\n\n\n<p>W zesz\u0142ym roku o braku fajerwerk\u00f3w zadecydowali mieszka\u0144cy miasta, bior\u0105c udzia\u0142 w ankiecie &#8211; 61% by\u0142 za tym, aby sylwester odby\u0142 si\u0119 bez fajerwerk\u00f3w. <\/p>\n\n\n\n<p>\u017ar\u00f3d\u0142o: zielonanews.pl<\/p>\n\n\n\n<p>Sprawd\u017a <a href=\"https:\/\/www.sylwester.pl\/sylwester\/zielona-gora\/\">oferty sylwestrowe w Zielonej G\u00f3rze! <\/a><\/p>\n","protected":false},"excerpt":{"rendered":"<p>Do sylwestra coraz mniej czasu, a mieszka\u0144cy miast s\u0105 coraz bardziej ciekawi co przygotowa\u0142o dla nich na ten wyj\u0105tkowy dzie\u0144 ich miasto. Jak si\u0119 okazuje, w tym roku odb\u0119dzie si\u0119 sylwester miejski w Zielonej G\u00f3rze &#8211; w dodatku z fajerwerkami.<\/p>\n","protected":false},"author":6,"featured_media":59000,"comment_status":"open","ping_status":"closed","sticky":false,"template":"","format":"standard","meta":{"footnotes":""},"categories":[109],"tags":[223,258,342],"class_list":["post-60653","post","type-post","status-publish","format-standard","has-post-thumbnail","hentry","category-sylwester-miejski","tag-sylwester-miejski-2019","tag-sylwester-miejski-w-zielonej-gorze","tag-zielona-gora"],"yoast_head":"<!-- This site is optimized with the Yoast SEO plugin v23.4 - https:\/\/yoast.com\/wordpress\/plugins\/seo\/ -->\n<title>Sylwester miejski w Zielonej G\u00f3rze - tym razem z fajewerkami - Sylwester.pl<\/title>\n<meta name=\"robots\" content=\"index, follow, max-snippet:-1, max-image-preview:large, max-video-preview:-1\" \/>\n<link rel=\"canonical\" href=\"https:\/\/www.sylwester.pl\/przewodnik\/sylwester-miejski-w-zielonej-gorze-tym-razem-z-fajewerkami\/\" \/>\n<meta property=\"og:locale\" content=\"pl_PL\" \/>\n<meta property=\"og:type\" content=\"article\" \/>\n<meta property=\"og:title\" content=\"Sylwester miejski w Zielonej G\u00f3rze - tym razem z fajewerkami - Sylwester.pl\" \/>\n<meta property=\"og:description\" content=\"Do sylwestra coraz mniej czasu, a mieszka\u0144cy miast s\u0105 coraz bardziej ciekawi co przygotowa\u0142o dla nich na ten wyj\u0105tkowy dzie\u0144 ich miasto. Jak si\u0119 okazuje, w tym roku odb\u0119dzie si\u0119 sylwester miejski w Zielonej G\u00f3rze &#8211; w dodatku z fajerwerkami.\" \/>\n<meta property=\"og:url\" content=\"https:\/\/www.sylwester.pl\/przewodnik\/sylwester-miejski-w-zielonej-gorze-tym-razem-z-fajewerkami\/\" \/>\n<meta property=\"og:site_name\" content=\"Sylwester.pl\" \/>\n<meta property=\"article:published_time\" content=\"2019-12-19T13:55:13+00:00\" \/>\n<meta property=\"article:modified_time\" content=\"2023-10-18T09:22:57+00:00\" \/>\n<meta property=\"og:image\" content=\"https:\/\/www.sylwester.pl\/przewodnik\/wp-content\/uploads\/DSC_0586.jpg\" \/>\n\t<meta property=\"og:image:width\" content=\"900\" \/>\n\t<meta property=\"og:image:height\" content=\"600\" \/>\n\t<meta property=\"og:image:type\" content=\"image\/jpeg\" \/>\n<meta name=\"author\" content=\"Sylwestrowo\" \/>\n<meta name=\"twitter:card\" content=\"summary_large_image\" \/>\n<meta name=\"twitter:label1\" content=\"Napisane przez\" \/>\n\t<meta name=\"twitter:data1\" content=\"Sylwestrowo\" \/>\n\t<meta name=\"twitter:label2\" content=\"Szacowany czas czytania\" \/>\n\t<meta name=\"twitter:data2\" content=\"1 minuta\" \/>\n<script type=\"application\/ld+json\" class=\"yoast-schema-graph\">{\"@context\":\"https:\/\/schema.org\",\"@graph\":[{\"@type\":\"Article\",\"@id\":\"https:\/\/www.sylwester.pl\/przewodnik\/sylwester-miejski-w-zielonej-gorze-tym-razem-z-fajewerkami\/#article\",\"isPartOf\":{\"@id\":\"https:\/\/www.sylwester.pl\/przewodnik\/sylwester-miejski-w-zielonej-gorze-tym-razem-z-fajewerkami\/\"},\"author\":{\"name\":\"Sylwestrowo\",\"@id\":\"https:\/\/www.sylwester.pl\/przewodnik\/#\/schema\/person\/5a2dccd53cb782c2c018fd539e75c0a2\"},\"headline\":\"Sylwester miejski w Zielonej G\u00f3rze &#8211; tym razem z fajewerkami\",\"datePublished\":\"2019-12-19T13:55:13+00:00\",\"dateModified\":\"2023-10-18T09:22:57+00:00\",\"mainEntityOfPage\":{\"@id\":\"https:\/\/www.sylwester.pl\/przewodnik\/sylwester-miejski-w-zielonej-gorze-tym-razem-z-fajewerkami\/\"},\"wordCount\":158,\"commentCount\":0,\"publisher\":{\"@id\":\"https:\/\/www.sylwester.pl\/przewodnik\/#organization\"},\"image\":{\"@id\":\"https:\/\/www.sylwester.pl\/przewodnik\/sylwester-miejski-w-zielonej-gorze-tym-razem-z-fajewerkami\/#primaryimage\"},\"thumbnailUrl\":\"https:\/\/www.sylwester.pl\/przewodnik\/wp-content\/uploads\/DSC_0586.jpg\",\"keywords\":[\"sylwester miejski 2019\",\"Sylwester miejski w Zielonej G\u00f3rze\",\"Zielona G\u00f3ra\"],\"articleSection\":[\"Sylwester miejski\"],\"inLanguage\":\"pl-PL\",\"potentialAction\":[{\"@type\":\"CommentAction\",\"name\":\"Comment\",\"target\":[\"https:\/\/www.sylwester.pl\/przewodnik\/sylwester-miejski-w-zielonej-gorze-tym-razem-z-fajewerkami\/#respond\"]}]},{\"@type\":\"WebPage\",\"@id\":\"https:\/\/www.sylwester.pl\/przewodnik\/sylwester-miejski-w-zielonej-gorze-tym-razem-z-fajewerkami\/\",\"url\":\"https:\/\/www.sylwester.pl\/przewodnik\/sylwester-miejski-w-zielonej-gorze-tym-razem-z-fajewerkami\/\",\"name\":\"Sylwester miejski w Zielonej G\u00f3rze - tym razem z fajewerkami - Sylwester.pl\",\"isPartOf\":{\"@id\":\"https:\/\/www.sylwester.pl\/przewodnik\/#website\"},\"primaryImageOfPage\":{\"@id\":\"https:\/\/www.sylwester.pl\/przewodnik\/sylwester-miejski-w-zielonej-gorze-tym-razem-z-fajewerkami\/#primaryimage\"},\"image\":{\"@id\":\"https:\/\/www.sylwester.pl\/przewodnik\/sylwester-miejski-w-zielonej-gorze-tym-razem-z-fajewerkami\/#primaryimage\"},\"thumbnailUrl\":\"https:\/\/www.sylwester.pl\/przewodnik\/wp-content\/uploads\/DSC_0586.jpg\",\"datePublished\":\"2019-12-19T13:55:13+00:00\",\"dateModified\":\"2023-10-18T09:22:57+00:00\",\"breadcrumb\":{\"@id\":\"https:\/\/www.sylwester.pl\/przewodnik\/sylwester-miejski-w-zielonej-gorze-tym-razem-z-fajewerkami\/#breadcrumb\"},\"inLanguage\":\"pl-PL\",\"potentialAction\":[{\"@type\":\"ReadAction\",\"target\":[\"https:\/\/www.sylwester.pl\/przewodnik\/sylwester-miejski-w-zielonej-gorze-tym-razem-z-fajewerkami\/\"]}]},{\"@type\":\"ImageObject\",\"inLanguage\":\"pl-PL\",\"@id\":\"https:\/\/www.sylwester.pl\/przewodnik\/sylwester-miejski-w-zielonej-gorze-tym-razem-z-fajewerkami\/#primaryimage\",\"url\":\"https:\/\/www.sylwester.pl\/przewodnik\/wp-content\/uploads\/DSC_0586.jpg\",\"contentUrl\":\"https:\/\/www.sylwester.pl\/przewodnik\/wp-content\/uploads\/DSC_0586.jpg\",\"width\":900,\"height\":600},{\"@type\":\"BreadcrumbList\",\"@id\":\"https:\/\/www.sylwester.pl\/przewodnik\/sylwester-miejski-w-zielonej-gorze-tym-razem-z-fajewerkami\/#breadcrumb\",\"itemListElement\":[{\"@type\":\"ListItem\",\"position\":1,\"name\":\"Strona g\u0142\u00f3wna\",\"item\":\"https:\/\/www.sylwester.pl\/przewodnik\/\"},{\"@type\":\"ListItem\",\"position\":2,\"name\":\"Sylwester miejski w Zielonej G\u00f3rze &#8211; tym razem z fajewerkami\"}]},{\"@type\":\"WebSite\",\"@id\":\"https:\/\/www.sylwester.pl\/przewodnik\/#website\",\"url\":\"https:\/\/www.sylwester.pl\/przewodnik\/\",\"name\":\"Sylwester.pl\",\"description\":\"Sylwester zaczyna si\u0119 tutaj.\",\"publisher\":{\"@id\":\"https:\/\/www.sylwester.pl\/przewodnik\/#organization\"},\"potentialAction\":[{\"@type\":\"SearchAction\",\"target\":{\"@type\":\"EntryPoint\",\"urlTemplate\":\"https:\/\/www.sylwester.pl\/przewodnik\/?s={search_term_string}\"},\"query-input\":{\"@type\":\"PropertyValueSpecification\",\"valueRequired\":true,\"valueName\":\"search_term_string\"}}],\"inLanguage\":\"pl-PL\"},{\"@type\":\"Organization\",\"@id\":\"https:\/\/www.sylwester.pl\/przewodnik\/#organization\",\"name\":\"Sylwester.pl\",\"url\":\"https:\/\/www.sylwester.pl\/przewodnik\/\",\"logo\":{\"@type\":\"ImageObject\",\"inLanguage\":\"pl-PL\",\"@id\":\"https:\/\/www.sylwester.pl\/przewodnik\/#\/schema\/logo\/image\/\",\"url\":\"https:\/\/www.sylwester.pl\/przewodnik\/wp-content\/uploads\/logo-sylwester.png\",\"contentUrl\":\"https:\/\/www.sylwester.pl\/przewodnik\/wp-content\/uploads\/logo-sylwester.png\",\"width\":177,\"height\":40,\"caption\":\"Sylwester.pl\"},\"image\":{\"@id\":\"https:\/\/www.sylwester.pl\/przewodnik\/#\/schema\/logo\/image\/\"}},{\"@type\":\"Person\",\"@id\":\"https:\/\/www.sylwester.pl\/przewodnik\/#\/schema\/person\/5a2dccd53cb782c2c018fd539e75c0a2\",\"name\":\"Sylwestrowo\",\"url\":\"https:\/\/www.sylwester.pl\/przewodnik\/author\/sylwestrowo\/\"}]}<\/script>\n<!-- \/ Yoast SEO plugin. -->","yoast_head_json":{"title":"Sylwester miejski w Zielonej G\u00f3rze - tym razem z fajewerkami - Sylwester.pl","robots":{"index":"index","follow":"follow","max-snippet":"max-snippet:-1","max-image-preview":"max-image-preview:large","max-video-preview":"max-video-preview:-1"},"canonical":"https:\/\/www.sylwester.pl\/przewodnik\/sylwester-miejski-w-zielonej-gorze-tym-razem-z-fajewerkami\/","og_locale":"pl_PL","og_type":"article","og_title":"Sylwester miejski w Zielonej G\u00f3rze - tym razem z fajewerkami - Sylwester.pl","og_description":"Do sylwestra coraz mniej czasu, a mieszka\u0144cy miast s\u0105 coraz bardziej ciekawi co przygotowa\u0142o dla nich na ten wyj\u0105tkowy dzie\u0144 ich miasto. Jak si\u0119 okazuje, w tym roku odb\u0119dzie si\u0119 sylwester miejski w Zielonej G\u00f3rze &#8211; w dodatku z fajerwerkami.","og_url":"https:\/\/www.sylwester.pl\/przewodnik\/sylwester-miejski-w-zielonej-gorze-tym-razem-z-fajewerkami\/","og_site_name":"Sylwester.pl","article_published_time":"2019-12-19T13:55:13+00:00","article_modified_time":"2023-10-18T09:22:57+00:00","og_image":[{"width":900,"height":600,"url":"https:\/\/www.sylwester.pl\/przewodnik\/wp-content\/uploads\/DSC_0586.jpg","type":"image\/jpeg"}],"author":"Sylwestrowo","twitter_card":"summary_large_image","twitter_misc":{"Napisane przez":"Sylwestrowo","Szacowany czas czytania":"1 minuta"},"schema":{"@context":"https:\/\/schema.org","@graph":[{"@type":"Article","@id":"https:\/\/www.sylwester.pl\/przewodnik\/sylwester-miejski-w-zielonej-gorze-tym-razem-z-fajewerkami\/#article","isPartOf":{"@id":"https:\/\/www.sylwester.pl\/przewodnik\/sylwester-miejski-w-zielonej-gorze-tym-razem-z-fajewerkami\/"},"author":{"name":"Sylwestrowo","@id":"https:\/\/www.sylwester.pl\/przewodnik\/#\/schema\/person\/5a2dccd53cb782c2c018fd539e75c0a2"},"headline":"Sylwester miejski w Zielonej G\u00f3rze &#8211; tym razem z fajewerkami","datePublished":"2019-12-19T13:55:13+00:00","dateModified":"2023-10-18T09:22:57+00:00","mainEntityOfPage":{"@id":"https:\/\/www.sylwester.pl\/przewodnik\/sylwester-miejski-w-zielonej-gorze-tym-razem-z-fajewerkami\/"},"wordCount":158,"commentCount":0,"publisher":{"@id":"https:\/\/www.sylwester.pl\/przewodnik\/#organization"},"image":{"@id":"https:\/\/www.sylwester.pl\/przewodnik\/sylwester-miejski-w-zielonej-gorze-tym-razem-z-fajewerkami\/#primaryimage"},"thumbnailUrl":"https:\/\/www.sylwester.pl\/przewodnik\/wp-content\/uploads\/DSC_0586.jpg","keywords":["sylwester miejski 2019","Sylwester miejski w Zielonej G\u00f3rze","Zielona G\u00f3ra"],"articleSection":["Sylwester miejski"],"inLanguage":"pl-PL","potentialAction":[{"@type":"CommentAction","name":"Comment","target":["https:\/\/www.sylwester.pl\/przewodnik\/sylwester-miejski-w-zielonej-gorze-tym-razem-z-fajewerkami\/#respond"]}]},{"@type":"WebPage","@id":"https:\/\/www.sylwester.pl\/przewodnik\/sylwester-miejski-w-zielonej-gorze-tym-razem-z-fajewerkami\/","url":"https:\/\/www.sylwester.pl\/przewodnik\/sylwester-miejski-w-zielonej-gorze-tym-razem-z-fajewerkami\/","name":"Sylwester miejski w Zielonej G\u00f3rze - tym razem z fajewerkami - Sylwester.pl","isPartOf":{"@id":"https:\/\/www.sylwester.pl\/przewodnik\/#website"},"primaryImageOfPage":{"@id":"https:\/\/www.sylwester.pl\/przewodnik\/sylwester-miejski-w-zielonej-gorze-tym-razem-z-fajewerkami\/#primaryimage"},"image":{"@id":"https:\/\/www.sylwester.pl\/przewodnik\/sylwester-miejski-w-zielonej-gorze-tym-razem-z-fajewerkami\/#primaryimage"},"thumbnailUrl":"https:\/\/www.sylwester.pl\/przewodnik\/wp-content\/uploads\/DSC_0586.jpg","datePublished":"2019-12-19T13:55:13+00:00","dateModified":"2023-10-18T09:22:57+00:00","breadcrumb":{"@id":"https:\/\/www.sylwester.pl\/przewodnik\/sylwester-miejski-w-zielonej-gorze-tym-razem-z-fajewerkami\/#breadcrumb"},"inLanguage":"pl-PL","potentialAction":[{"@type":"ReadAction","target":["https:\/\/www.sylwester.pl\/przewodnik\/sylwester-miejski-w-zielonej-gorze-tym-razem-z-fajewerkami\/"]}]},{"@type":"ImageObject","inLanguage":"pl-PL","@id":"https:\/\/www.sylwester.pl\/przewodnik\/sylwester-miejski-w-zielonej-gorze-tym-razem-z-fajewerkami\/#primaryimage","url":"https:\/\/www.sylwester.pl\/przewodnik\/wp-content\/uploads\/DSC_0586.jpg","contentUrl":"https:\/\/www.sylwester.pl\/przewodnik\/wp-content\/uploads\/DSC_0586.jpg","width":900,"height":600},{"@type":"BreadcrumbList","@id":"https:\/\/www.sylwester.pl\/przewodnik\/sylwester-miejski-w-zielonej-gorze-tym-razem-z-fajewerkami\/#breadcrumb","itemListElement":[{"@type":"ListItem","position":1,"name":"Strona g\u0142\u00f3wna","item":"https:\/\/www.sylwester.pl\/przewodnik\/"},{"@type":"ListItem","position":2,"name":"Sylwester miejski w Zielonej G\u00f3rze &#8211; tym razem z fajewerkami"}]},{"@type":"WebSite","@id":"https:\/\/www.sylwester.pl\/przewodnik\/#website","url":"https:\/\/www.sylwester.pl\/przewodnik\/","name":"Sylwester.pl","description":"Sylwester zaczyna si\u0119 tutaj.","publisher":{"@id":"https:\/\/www.sylwester.pl\/przewodnik\/#organization"},"potentialAction":[{"@type":"SearchAction","target":{"@type":"EntryPoint","urlTemplate":"https:\/\/www.sylwester.pl\/przewodnik\/?s={search_term_string}"},"query-input":{"@type":"PropertyValueSpecification","valueRequired":true,"valueName":"search_term_string"}}],"inLanguage":"pl-PL"},{"@type":"Organization","@id":"https:\/\/www.sylwester.pl\/przewodnik\/#organization","name":"Sylwester.pl","url":"https:\/\/www.sylwester.pl\/przewodnik\/","logo":{"@type":"ImageObject","inLanguage":"pl-PL","@id":"https:\/\/www.sylwester.pl\/przewodnik\/#\/schema\/logo\/image\/","url":"https:\/\/www.sylwester.pl\/przewodnik\/wp-content\/uploads\/logo-sylwester.png","contentUrl":"https:\/\/www.sylwester.pl\/przewodnik\/wp-content\/uploads\/logo-sylwester.png","width":177,"height":40,"caption":"Sylwester.pl"},"image":{"@id":"https:\/\/www.sylwester.pl\/przewodnik\/#\/schema\/logo\/image\/"}},{"@type":"Person","@id":"https:\/\/www.sylwester.pl\/przewodnik\/#\/schema\/person\/5a2dccd53cb782c2c018fd539e75c0a2","name":"Sylwestrowo","url":"https:\/\/www.sylwester.pl\/przewodnik\/author\/sylwestrowo\/"}]}},"_links":{"self":[{"href":"https:\/\/www.sylwester.pl\/przewodnik\/wp-json\/wp\/v2\/posts\/60653"}],"collection":[{"href":"https:\/\/www.sylwester.pl\/przewodnik\/wp-json\/wp\/v2\/posts"}],"about":[{"href":"https:\/\/www.sylwester.pl\/przewodnik\/wp-json\/wp\/v2\/types\/post"}],"author":[{"embeddable":true,"href":"https:\/\/www.sylwester.pl\/przewodnik\/wp-json\/wp\/v2\/users\/6"}],"replies":[{"embeddable":true,"href":"https:\/\/www.sylwester.pl\/przewodnik\/wp-json\/wp\/v2\/comments?post=60653"}],"version-history":[{"count":1,"href":"https:\/\/www.sylwester.pl\/przewodnik\/wp-json\/wp\/v2\/posts\/60653\/revisions"}],"predecessor-version":[{"id":61034,"href":"https:\/\/www.sylwester.pl\/przewodnik\/wp-json\/wp\/v2\/posts\/60653\/revisions\/61034"}],"wp:featuredmedia":[{"embeddable":true,"href":"https:\/\/www.sylwester.pl\/przewodnik\/wp-json\/wp\/v2\/media\/59000"}],"wp:attachment":[{"href":"https:\/\/www.sylwester.pl\/przewodnik\/wp-json\/wp\/v2\/media?parent=60653"}],"wp:term":[{"taxonomy":"category","embeddable":true,"href":"https:\/\/www.sylwester.pl\/przewodnik\/wp-json\/wp\/v2\/categories?post=60653"},{"taxonomy":"post_tag","embeddable":true,"href":"https:\/\/www.sylwester.pl\/przewodnik\/wp-json\/wp\/v2\/tags?post=60653"}],"curies":[{"name":"wp","href":"https:\/\/api.w.org\/{rel}","templated":true}]}}