{"id":60632,"date":"2019-12-20T15:20:18","date_gmt":"2019-12-20T15:20:18","guid":{"rendered":"https:\/\/www.sylwester.pl\/przewodnik\/osoby-niepelnosprawne-na-scenie-sylwestra-miejskiego-we-wroclawiu\/"},"modified":"2023-10-18T09:22:56","modified_gmt":"2023-10-18T09:22:56","slug":"osoby-niepelnosprawne-na-scenie-sylwestra-miejskiego-we-wroclawiu","status":"publish","type":"post","link":"https:\/\/www.sylwester.pl\/przewodnik\/osoby-niepelnosprawne-na-scenie-sylwestra-miejskiego-we-wroclawiu\/","title":{"rendered":"Osoby niepe\u0142nosprawne na scenie Sylwestra Miejskiego 2019 we Wroc\u0142awiu"},"content":{"rendered":"<p><strong>Jeden z najpopularniejszych sylwestr\u00f3w miejskich co roku postanawia zaskoczy\u0107 swoich uczestnik\u00f3w. W tym roku opr\u00f3cz zabawy, Sylwester Miejski we Wroc\u0142awiu tak\u017ce uczy. No w\u0142a\u015bnie, czego?<\/strong><!--more--><\/p>\n<p>Osoby niepe\u0142nosprawne cz\u0119sto maj\u0105 problem, by wyj\u015b\u0107 z domu i \u017cy\u0107 pe\u0142ni\u0105 \u017cycia, dlatego Wroc\u0142aw postanowi\u0142 wyj\u015b\u0107 temu na przeciw i sprawi\u0107, by w tym roku to w\u0142a\u015bnie one by\u0142y gwiazdami imprezy sylwestrowej. B\u0119d\u0105 wyst\u0119powa\u0107 w ch\u00f3rze, czy bra\u0107 udzia\u0142 w choreografiach tanecznych.<\/p>\n<p>Wszystkie osoby bez wzgl\u0119du na niepe\u0142nosprawno\u015b\u0107 mog\u0105 zg\u0142osi\u0107 si\u0119 do udzia\u0142u, a najwa\u017cniejsza jest motywacja do pracy, a nie szczeg\u00f3lne umiej\u0119tno\u015bci.<\/p>\n<p>Ten sylwester to kolejny krok w promowaniu Wroc\u0142awia jako miasta, w kt\u00f3rym dost\u0119p do kultury ma ka\u017cdy, bez wzgl\u0119du na ograniczenia.<\/p>\n\n\n<blockquote class=\"wp-block-quote is-layout-flow wp-block-quote-is-layout-flow\"><p>  Wolisz przywita\u0107 Nowy Rok w lokalu? Sprawd\u017a nasze oferty: <a href=\"https:\/\/www.sylwester.pl\/sylwester\/wroclaw\/\">sylwester we Wroc\u0142awiu<\/a>.<\/p><p>A je\u015bli planujesz d\u0142u\u017cszy pobyt &#8211; zobacz <a href=\"https:\/\/www.sylwester.pl\/noclegi\/wroclaw\/\">noclegi we Wroc\u0142awiu<\/a>.  <\/p><\/blockquote>\n","protected":false},"excerpt":{"rendered":"<p>Jeden z najpopularniejszych sylwestr\u00f3w miejskich co roku postanawia zaskoczy\u0107 swoich uczestnik\u00f3w. W tym roku opr\u00f3cz zabawy, Sylwester Miejski we Wroc\u0142awiu tak\u017ce uczy. No w\u0142a\u015bnie, czego?<\/p>\n","protected":false},"author":6,"featured_media":58931,"comment_status":"open","ping_status":"closed","sticky":false,"template":"","format":"standard","meta":{"footnotes":""},"categories":[109],"tags":[217,222,259,300,330],"class_list":["post-60632","post","type-post","status-publish","format-standard","has-post-thumbnail","hentry","category-sylwester-miejski","tag-sylwester-2019","tag-sylwester-miejski","tag-sylwester-miejski-we-wroclawiu","tag-sylwester-we-wroclawiu","tag-wroclaw"],"yoast_head":"<!-- This site is optimized with the Yoast SEO plugin v23.4 - https:\/\/yoast.com\/wordpress\/plugins\/seo\/ -->\n<title>Osoby niepe\u0142nosprawne na scenie Sylwestra Miejskiego 2019 we Wroc\u0142awiu - Sylwester.pl<\/title>\n<meta name=\"robots\" content=\"index, follow, max-snippet:-1, max-image-preview:large, max-video-preview:-1\" \/>\n<link rel=\"canonical\" href=\"https:\/\/www.sylwester.pl\/przewodnik\/osoby-niepelnosprawne-na-scenie-sylwestra-miejskiego-we-wroclawiu\/\" \/>\n<meta property=\"og:locale\" content=\"pl_PL\" \/>\n<meta property=\"og:type\" content=\"article\" \/>\n<meta property=\"og:title\" content=\"Osoby niepe\u0142nosprawne na scenie Sylwestra Miejskiego 2019 we Wroc\u0142awiu - Sylwester.pl\" \/>\n<meta property=\"og:description\" content=\"Jeden z najpopularniejszych sylwestr\u00f3w miejskich co roku postanawia zaskoczy\u0107 swoich uczestnik\u00f3w. W tym roku opr\u00f3cz zabawy, Sylwester Miejski we Wroc\u0142awiu tak\u017ce uczy. No w\u0142a\u015bnie, czego?\" \/>\n<meta property=\"og:url\" content=\"https:\/\/www.sylwester.pl\/przewodnik\/osoby-niepelnosprawne-na-scenie-sylwestra-miejskiego-we-wroclawiu\/\" \/>\n<meta property=\"og:site_name\" content=\"Sylwester.pl\" \/>\n<meta property=\"article:published_time\" content=\"2019-12-20T15:20:18+00:00\" \/>\n<meta property=\"article:modified_time\" content=\"2023-10-18T09:22:56+00:00\" \/>\n<meta property=\"og:image\" content=\"https:\/\/www.sylwester.pl\/przewodnik\/wp-content\/uploads\/158-sylwester-miejski-we-wroclawiu.jpg\" \/>\n\t<meta property=\"og:image:width\" content=\"1085\" \/>\n\t<meta property=\"og:image:height\" content=\"814\" \/>\n\t<meta property=\"og:image:type\" content=\"image\/jpeg\" \/>\n<meta name=\"author\" content=\"Sylwestrowo\" \/>\n<meta name=\"twitter:card\" content=\"summary_large_image\" \/>\n<meta name=\"twitter:label1\" content=\"Napisane przez\" \/>\n\t<meta name=\"twitter:data1\" content=\"Sylwestrowo\" \/>\n\t<meta name=\"twitter:label2\" content=\"Szacowany czas czytania\" \/>\n\t<meta name=\"twitter:data2\" content=\"1 minuta\" \/>\n<script type=\"application\/ld+json\" class=\"yoast-schema-graph\">{\"@context\":\"https:\/\/schema.org\",\"@graph\":[{\"@type\":\"Article\",\"@id\":\"https:\/\/www.sylwester.pl\/przewodnik\/osoby-niepelnosprawne-na-scenie-sylwestra-miejskiego-we-wroclawiu\/#article\",\"isPartOf\":{\"@id\":\"https:\/\/www.sylwester.pl\/przewodnik\/osoby-niepelnosprawne-na-scenie-sylwestra-miejskiego-we-wroclawiu\/\"},\"author\":{\"name\":\"Sylwestrowo\",\"@id\":\"https:\/\/www.sylwester.pl\/przewodnik\/#\/schema\/person\/5a2dccd53cb782c2c018fd539e75c0a2\"},\"headline\":\"Osoby niepe\u0142nosprawne na scenie Sylwestra Miejskiego 2019 we Wroc\u0142awiu\",\"datePublished\":\"2019-12-20T15:20:18+00:00\",\"dateModified\":\"2023-10-18T09:22:56+00:00\",\"mainEntityOfPage\":{\"@id\":\"https:\/\/www.sylwester.pl\/przewodnik\/osoby-niepelnosprawne-na-scenie-sylwestra-miejskiego-we-wroclawiu\/\"},\"wordCount\":177,\"commentCount\":0,\"publisher\":{\"@id\":\"https:\/\/www.sylwester.pl\/przewodnik\/#organization\"},\"image\":{\"@id\":\"https:\/\/www.sylwester.pl\/przewodnik\/osoby-niepelnosprawne-na-scenie-sylwestra-miejskiego-we-wroclawiu\/#primaryimage\"},\"thumbnailUrl\":\"https:\/\/www.sylwester.pl\/przewodnik\/wp-content\/uploads\/158-sylwester-miejski-we-wroclawiu.jpg\",\"keywords\":[\"sylwester 2019\",\"sylwester miejski\",\"Sylwester miejski we Wroc\u0142awiu\",\"Sylwester we Wroc\u0142awiu\",\"Wroc\u0142aw\"],\"articleSection\":[\"Sylwester miejski\"],\"inLanguage\":\"pl-PL\",\"potentialAction\":[{\"@type\":\"CommentAction\",\"name\":\"Comment\",\"target\":[\"https:\/\/www.sylwester.pl\/przewodnik\/osoby-niepelnosprawne-na-scenie-sylwestra-miejskiego-we-wroclawiu\/#respond\"]}]},{\"@type\":\"WebPage\",\"@id\":\"https:\/\/www.sylwester.pl\/przewodnik\/osoby-niepelnosprawne-na-scenie-sylwestra-miejskiego-we-wroclawiu\/\",\"url\":\"https:\/\/www.sylwester.pl\/przewodnik\/osoby-niepelnosprawne-na-scenie-sylwestra-miejskiego-we-wroclawiu\/\",\"name\":\"Osoby niepe\u0142nosprawne na scenie Sylwestra Miejskiego 2019 we Wroc\u0142awiu - Sylwester.pl\",\"isPartOf\":{\"@id\":\"https:\/\/www.sylwester.pl\/przewodnik\/#website\"},\"primaryImageOfPage\":{\"@id\":\"https:\/\/www.sylwester.pl\/przewodnik\/osoby-niepelnosprawne-na-scenie-sylwestra-miejskiego-we-wroclawiu\/#primaryimage\"},\"image\":{\"@id\":\"https:\/\/www.sylwester.pl\/przewodnik\/osoby-niepelnosprawne-na-scenie-sylwestra-miejskiego-we-wroclawiu\/#primaryimage\"},\"thumbnailUrl\":\"https:\/\/www.sylwester.pl\/przewodnik\/wp-content\/uploads\/158-sylwester-miejski-we-wroclawiu.jpg\",\"datePublished\":\"2019-12-20T15:20:18+00:00\",\"dateModified\":\"2023-10-18T09:22:56+00:00\",\"breadcrumb\":{\"@id\":\"https:\/\/www.sylwester.pl\/przewodnik\/osoby-niepelnosprawne-na-scenie-sylwestra-miejskiego-we-wroclawiu\/#breadcrumb\"},\"inLanguage\":\"pl-PL\",\"potentialAction\":[{\"@type\":\"ReadAction\",\"target\":[\"https:\/\/www.sylwester.pl\/przewodnik\/osoby-niepelnosprawne-na-scenie-sylwestra-miejskiego-we-wroclawiu\/\"]}]},{\"@type\":\"ImageObject\",\"inLanguage\":\"pl-PL\",\"@id\":\"https:\/\/www.sylwester.pl\/przewodnik\/osoby-niepelnosprawne-na-scenie-sylwestra-miejskiego-we-wroclawiu\/#primaryimage\",\"url\":\"https:\/\/www.sylwester.pl\/przewodnik\/wp-content\/uploads\/158-sylwester-miejski-we-wroclawiu.jpg\",\"contentUrl\":\"https:\/\/www.sylwester.pl\/przewodnik\/wp-content\/uploads\/158-sylwester-miejski-we-wroclawiu.jpg\",\"width\":1085,\"height\":814,\"caption\":\"Sylwester Wroc\u0142aw\"},{\"@type\":\"BreadcrumbList\",\"@id\":\"https:\/\/www.sylwester.pl\/przewodnik\/osoby-niepelnosprawne-na-scenie-sylwestra-miejskiego-we-wroclawiu\/#breadcrumb\",\"itemListElement\":[{\"@type\":\"ListItem\",\"position\":1,\"name\":\"Strona g\u0142\u00f3wna\",\"item\":\"https:\/\/www.sylwester.pl\/przewodnik\/\"},{\"@type\":\"ListItem\",\"position\":2,\"name\":\"Osoby niepe\u0142nosprawne na scenie Sylwestra Miejskiego 2019 we Wroc\u0142awiu\"}]},{\"@type\":\"WebSite\",\"@id\":\"https:\/\/www.sylwester.pl\/przewodnik\/#website\",\"url\":\"https:\/\/www.sylwester.pl\/przewodnik\/\",\"name\":\"Sylwester.pl\",\"description\":\"Sylwester zaczyna si\u0119 tutaj.\",\"publisher\":{\"@id\":\"https:\/\/www.sylwester.pl\/przewodnik\/#organization\"},\"potentialAction\":[{\"@type\":\"SearchAction\",\"target\":{\"@type\":\"EntryPoint\",\"urlTemplate\":\"https:\/\/www.sylwester.pl\/przewodnik\/?s={search_term_string}\"},\"query-input\":{\"@type\":\"PropertyValueSpecification\",\"valueRequired\":true,\"valueName\":\"search_term_string\"}}],\"inLanguage\":\"pl-PL\"},{\"@type\":\"Organization\",\"@id\":\"https:\/\/www.sylwester.pl\/przewodnik\/#organization\",\"name\":\"Sylwester.pl\",\"url\":\"https:\/\/www.sylwester.pl\/przewodnik\/\",\"logo\":{\"@type\":\"ImageObject\",\"inLanguage\":\"pl-PL\",\"@id\":\"https:\/\/www.sylwester.pl\/przewodnik\/#\/schema\/logo\/image\/\",\"url\":\"https:\/\/www.sylwester.pl\/przewodnik\/wp-content\/uploads\/logo-sylwester.png\",\"contentUrl\":\"https:\/\/www.sylwester.pl\/przewodnik\/wp-content\/uploads\/logo-sylwester.png\",\"width\":177,\"height\":40,\"caption\":\"Sylwester.pl\"},\"image\":{\"@id\":\"https:\/\/www.sylwester.pl\/przewodnik\/#\/schema\/logo\/image\/\"}},{\"@type\":\"Person\",\"@id\":\"https:\/\/www.sylwester.pl\/przewodnik\/#\/schema\/person\/5a2dccd53cb782c2c018fd539e75c0a2\",\"name\":\"Sylwestrowo\",\"url\":\"https:\/\/www.sylwester.pl\/przewodnik\/author\/sylwestrowo\/\"}]}<\/script>\n<!-- \/ Yoast SEO plugin. -->","yoast_head_json":{"title":"Osoby niepe\u0142nosprawne na scenie Sylwestra Miejskiego 2019 we Wroc\u0142awiu - Sylwester.pl","robots":{"index":"index","follow":"follow","max-snippet":"max-snippet:-1","max-image-preview":"max-image-preview:large","max-video-preview":"max-video-preview:-1"},"canonical":"https:\/\/www.sylwester.pl\/przewodnik\/osoby-niepelnosprawne-na-scenie-sylwestra-miejskiego-we-wroclawiu\/","og_locale":"pl_PL","og_type":"article","og_title":"Osoby niepe\u0142nosprawne na scenie Sylwestra Miejskiego 2019 we Wroc\u0142awiu - Sylwester.pl","og_description":"Jeden z najpopularniejszych sylwestr\u00f3w miejskich co roku postanawia zaskoczy\u0107 swoich uczestnik\u00f3w. W tym roku opr\u00f3cz zabawy, Sylwester Miejski we Wroc\u0142awiu tak\u017ce uczy. No w\u0142a\u015bnie, czego?","og_url":"https:\/\/www.sylwester.pl\/przewodnik\/osoby-niepelnosprawne-na-scenie-sylwestra-miejskiego-we-wroclawiu\/","og_site_name":"Sylwester.pl","article_published_time":"2019-12-20T15:20:18+00:00","article_modified_time":"2023-10-18T09:22:56+00:00","og_image":[{"width":1085,"height":814,"url":"https:\/\/www.sylwester.pl\/przewodnik\/wp-content\/uploads\/158-sylwester-miejski-we-wroclawiu.jpg","type":"image\/jpeg"}],"author":"Sylwestrowo","twitter_card":"summary_large_image","twitter_misc":{"Napisane przez":"Sylwestrowo","Szacowany czas czytania":"1 minuta"},"schema":{"@context":"https:\/\/schema.org","@graph":[{"@type":"Article","@id":"https:\/\/www.sylwester.pl\/przewodnik\/osoby-niepelnosprawne-na-scenie-sylwestra-miejskiego-we-wroclawiu\/#article","isPartOf":{"@id":"https:\/\/www.sylwester.pl\/przewodnik\/osoby-niepelnosprawne-na-scenie-sylwestra-miejskiego-we-wroclawiu\/"},"author":{"name":"Sylwestrowo","@id":"https:\/\/www.sylwester.pl\/przewodnik\/#\/schema\/person\/5a2dccd53cb782c2c018fd539e75c0a2"},"headline":"Osoby niepe\u0142nosprawne na scenie Sylwestra Miejskiego 2019 we Wroc\u0142awiu","datePublished":"2019-12-20T15:20:18+00:00","dateModified":"2023-10-18T09:22:56+00:00","mainEntityOfPage":{"@id":"https:\/\/www.sylwester.pl\/przewodnik\/osoby-niepelnosprawne-na-scenie-sylwestra-miejskiego-we-wroclawiu\/"},"wordCount":177,"commentCount":0,"publisher":{"@id":"https:\/\/www.sylwester.pl\/przewodnik\/#organization"},"image":{"@id":"https:\/\/www.sylwester.pl\/przewodnik\/osoby-niepelnosprawne-na-scenie-sylwestra-miejskiego-we-wroclawiu\/#primaryimage"},"thumbnailUrl":"https:\/\/www.sylwester.pl\/przewodnik\/wp-content\/uploads\/158-sylwester-miejski-we-wroclawiu.jpg","keywords":["sylwester 2019","sylwester miejski","Sylwester miejski we Wroc\u0142awiu","Sylwester we Wroc\u0142awiu","Wroc\u0142aw"],"articleSection":["Sylwester miejski"],"inLanguage":"pl-PL","potentialAction":[{"@type":"CommentAction","name":"Comment","target":["https:\/\/www.sylwester.pl\/przewodnik\/osoby-niepelnosprawne-na-scenie-sylwestra-miejskiego-we-wroclawiu\/#respond"]}]},{"@type":"WebPage","@id":"https:\/\/www.sylwester.pl\/przewodnik\/osoby-niepelnosprawne-na-scenie-sylwestra-miejskiego-we-wroclawiu\/","url":"https:\/\/www.sylwester.pl\/przewodnik\/osoby-niepelnosprawne-na-scenie-sylwestra-miejskiego-we-wroclawiu\/","name":"Osoby niepe\u0142nosprawne na scenie Sylwestra Miejskiego 2019 we Wroc\u0142awiu - Sylwester.pl","isPartOf":{"@id":"https:\/\/www.sylwester.pl\/przewodnik\/#website"},"primaryImageOfPage":{"@id":"https:\/\/www.sylwester.pl\/przewodnik\/osoby-niepelnosprawne-na-scenie-sylwestra-miejskiego-we-wroclawiu\/#primaryimage"},"image":{"@id":"https:\/\/www.sylwester.pl\/przewodnik\/osoby-niepelnosprawne-na-scenie-sylwestra-miejskiego-we-wroclawiu\/#primaryimage"},"thumbnailUrl":"https:\/\/www.sylwester.pl\/przewodnik\/wp-content\/uploads\/158-sylwester-miejski-we-wroclawiu.jpg","datePublished":"2019-12-20T15:20:18+00:00","dateModified":"2023-10-18T09:22:56+00:00","breadcrumb":{"@id":"https:\/\/www.sylwester.pl\/przewodnik\/osoby-niepelnosprawne-na-scenie-sylwestra-miejskiego-we-wroclawiu\/#breadcrumb"},"inLanguage":"pl-PL","potentialAction":[{"@type":"ReadAction","target":["https:\/\/www.sylwester.pl\/przewodnik\/osoby-niepelnosprawne-na-scenie-sylwestra-miejskiego-we-wroclawiu\/"]}]},{"@type":"ImageObject","inLanguage":"pl-PL","@id":"https:\/\/www.sylwester.pl\/przewodnik\/osoby-niepelnosprawne-na-scenie-sylwestra-miejskiego-we-wroclawiu\/#primaryimage","url":"https:\/\/www.sylwester.pl\/przewodnik\/wp-content\/uploads\/158-sylwester-miejski-we-wroclawiu.jpg","contentUrl":"https:\/\/www.sylwester.pl\/przewodnik\/wp-content\/uploads\/158-sylwester-miejski-we-wroclawiu.jpg","width":1085,"height":814,"caption":"Sylwester Wroc\u0142aw"},{"@type":"BreadcrumbList","@id":"https:\/\/www.sylwester.pl\/przewodnik\/osoby-niepelnosprawne-na-scenie-sylwestra-miejskiego-we-wroclawiu\/#breadcrumb","itemListElement":[{"@type":"ListItem","position":1,"name":"Strona g\u0142\u00f3wna","item":"https:\/\/www.sylwester.pl\/przewodnik\/"},{"@type":"ListItem","position":2,"name":"Osoby niepe\u0142nosprawne na scenie Sylwestra Miejskiego 2019 we Wroc\u0142awiu"}]},{"@type":"WebSite","@id":"https:\/\/www.sylwester.pl\/przewodnik\/#website","url":"https:\/\/www.sylwester.pl\/przewodnik\/","name":"Sylwester.pl","description":"Sylwester zaczyna si\u0119 tutaj.","publisher":{"@id":"https:\/\/www.sylwester.pl\/przewodnik\/#organization"},"potentialAction":[{"@type":"SearchAction","target":{"@type":"EntryPoint","urlTemplate":"https:\/\/www.sylwester.pl\/przewodnik\/?s={search_term_string}"},"query-input":{"@type":"PropertyValueSpecification","valueRequired":true,"valueName":"search_term_string"}}],"inLanguage":"pl-PL"},{"@type":"Organization","@id":"https:\/\/www.sylwester.pl\/przewodnik\/#organization","name":"Sylwester.pl","url":"https:\/\/www.sylwester.pl\/przewodnik\/","logo":{"@type":"ImageObject","inLanguage":"pl-PL","@id":"https:\/\/www.sylwester.pl\/przewodnik\/#\/schema\/logo\/image\/","url":"https:\/\/www.sylwester.pl\/przewodnik\/wp-content\/uploads\/logo-sylwester.png","contentUrl":"https:\/\/www.sylwester.pl\/przewodnik\/wp-content\/uploads\/logo-sylwester.png","width":177,"height":40,"caption":"Sylwester.pl"},"image":{"@id":"https:\/\/www.sylwester.pl\/przewodnik\/#\/schema\/logo\/image\/"}},{"@type":"Person","@id":"https:\/\/www.sylwester.pl\/przewodnik\/#\/schema\/person\/5a2dccd53cb782c2c018fd539e75c0a2","name":"Sylwestrowo","url":"https:\/\/www.sylwester.pl\/przewodnik\/author\/sylwestrowo\/"}]}},"_links":{"self":[{"href":"https:\/\/www.sylwester.pl\/przewodnik\/wp-json\/wp\/v2\/posts\/60632"}],"collection":[{"href":"https:\/\/www.sylwester.pl\/przewodnik\/wp-json\/wp\/v2\/posts"}],"about":[{"href":"https:\/\/www.sylwester.pl\/przewodnik\/wp-json\/wp\/v2\/types\/post"}],"author":[{"embeddable":true,"href":"https:\/\/www.sylwester.pl\/przewodnik\/wp-json\/wp\/v2\/users\/6"}],"replies":[{"embeddable":true,"href":"https:\/\/www.sylwester.pl\/przewodnik\/wp-json\/wp\/v2\/comments?post=60632"}],"version-history":[{"count":1,"href":"https:\/\/www.sylwester.pl\/przewodnik\/wp-json\/wp\/v2\/posts\/60632\/revisions"}],"predecessor-version":[{"id":60634,"href":"https:\/\/www.sylwester.pl\/przewodnik\/wp-json\/wp\/v2\/posts\/60632\/revisions\/60634"}],"wp:featuredmedia":[{"embeddable":true,"href":"https:\/\/www.sylwester.pl\/przewodnik\/wp-json\/wp\/v2\/media\/58931"}],"wp:attachment":[{"href":"https:\/\/www.sylwester.pl\/przewodnik\/wp-json\/wp\/v2\/media?parent=60632"}],"wp:term":[{"taxonomy":"category","embeddable":true,"href":"https:\/\/www.sylwester.pl\/przewodnik\/wp-json\/wp\/v2\/categories?post=60632"},{"taxonomy":"post_tag","embeddable":true,"href":"https:\/\/www.sylwester.pl\/przewodnik\/wp-json\/wp\/v2\/tags?post=60632"}],"curies":[{"name":"wp","href":"https:\/\/api.w.org\/{rel}","templated":true}]}}