{"id":60532,"date":"2016-12-22T10:44:25","date_gmt":"2016-12-22T10:44:25","guid":{"rendered":"https:\/\/www.sylwester.pl\/przewodnik\/nie-bedzie-miejskiego-sylwestra-na-dworcu-fabrycznym-w-lodzi\/"},"modified":"2023-10-18T09:22:37","modified_gmt":"2023-10-18T09:22:37","slug":"nie-bedzie-miejskiego-sylwestra-na-dworcu-fabrycznym-w-lodzi","status":"publish","type":"post","link":"https:\/\/www.sylwester.pl\/przewodnik\/nie-bedzie-miejskiego-sylwestra-na-dworcu-fabrycznym-w-lodzi\/","title":{"rendered":"Nie b\u0119dzie miejskiego Sylwestra na Dworcu Fabrycznym w \u0141odzi."},"content":{"rendered":"<p style=\"text-align: justify;\">Miasto nie porozumia\u0142o si\u0119 w sprawie organizacji imprezy sylwestrowej z PKP, kt\u00f3re stanowczo odmawia zabawy na placu przed dworcem \u0141\u00f3d\u017a Fabryczna. Tak\u0105 decyzj\u0119 sp\u00f3\u0142ka argumentuje tym, \u017ce impreza grozi dewastacj\u0105 nowego dworca oraz zagra\u017ca bezpiecze\u0144stwu.<\/p>\n<p style=\"text-align: justify;\"><!--more--><\/p>\n<p style=\"text-align: justify;\">Jeszcze miesi\u0105c temu wszyscy byli przekonani, \u017ce miejska impreza w \u0141odzi odb\u0119dzie si\u0119, wreszcie, po siedmiu latach milczenia. Organizacja Sylwestra na dworcu \u0141\u00f3d\u017a Fabryczna mia\u0142a by\u0107 zwie\u0144czeniem wszelkich wydarze\u0144 zwi\u0105zanych z otwarciem dworca. Sk\u0105d tak nag\u0142a zmiana zdania ze strony PKP? Nie wiadomo. Jak twierdzi wiceprezydent miasta Krzysztof Pi\u0105tkowski rozmowy dotycz\u0105ce organizacji imprezy w\u0142asnie w tym miejscu trwa\u0142y od stycznia 2016 roku, PKP bra\u0142o w nich czynny udzia\u0142, zatwierdza\u0142o pomys\u0142y i harmonogramy i nikt nie mia\u0142 nic przeciwko. \u00a0Ostatecznie sp\u00f3\u0142ka odm\u00f3wi\u0142a\u00a0organizacji imprezy twierdz\u0105c, \u017ce grozi\u00a0ona dewastacj\u0105 dworca oraz zagra\u017ca bezpiecze\u0144stwu.<\/p>\n<p style=\"text-align: justify;\">Sylwester miejski mia\u0142 kosztowa\u0107 180 tys. z\u0142 pieni\u0105dze zostan\u0105 w kasie miasta i poczekaj\u0105 na inn\u0105 okazj\u0119.<\/p>\n","protected":false},"excerpt":{"rendered":"<p>Miasto nie porozumia\u0142o si\u0119 w sprawie organizacji imprezy sylwestrowej z PKP, kt\u00f3re stanowczo odmawia zabawy na placu przed dworcem \u0141\u00f3d\u017a Fabryczna. Tak\u0105 decyzj\u0119 sp\u00f3\u0142ka argumentuje tym, \u017ce impreza grozi dewastacj\u0105 nowego dworca oraz zagra\u017ca bezpiecze\u0144stwu.<\/p>\n","protected":false},"author":6,"featured_media":57504,"comment_status":"open","ping_status":"closed","sticky":false,"template":"","format":"standard","meta":{"footnotes":""},"categories":[109],"tags":[163,243],"class_list":["post-60532","post","type-post","status-publish","format-standard","has-post-thumbnail","hentry","category-sylwester-miejski","tag-lodz","tag-sylwester-miejski-w-lodzi"],"yoast_head":"<!-- This site is optimized with the Yoast SEO plugin v23.4 - https:\/\/yoast.com\/wordpress\/plugins\/seo\/ -->\n<title>Nie b\u0119dzie miejskiego Sylwestra na Dworcu Fabrycznym w \u0141odzi. - Sylwester.pl<\/title>\n<meta name=\"robots\" content=\"index, follow, max-snippet:-1, max-image-preview:large, max-video-preview:-1\" \/>\n<link rel=\"canonical\" href=\"https:\/\/www.sylwester.pl\/przewodnik\/nie-bedzie-miejskiego-sylwestra-na-dworcu-fabrycznym-w-lodzi\/\" \/>\n<meta property=\"og:locale\" content=\"pl_PL\" \/>\n<meta property=\"og:type\" content=\"article\" \/>\n<meta property=\"og:title\" content=\"Nie b\u0119dzie miejskiego Sylwestra na Dworcu Fabrycznym w \u0141odzi. - Sylwester.pl\" \/>\n<meta property=\"og:description\" content=\"Miasto nie porozumia\u0142o si\u0119 w sprawie organizacji imprezy sylwestrowej z PKP, kt\u00f3re stanowczo odmawia zabawy na placu przed dworcem \u0141\u00f3d\u017a Fabryczna. Tak\u0105 decyzj\u0119 sp\u00f3\u0142ka argumentuje tym, \u017ce impreza grozi dewastacj\u0105 nowego dworca oraz zagra\u017ca bezpiecze\u0144stwu.\" \/>\n<meta property=\"og:url\" content=\"https:\/\/www.sylwester.pl\/przewodnik\/nie-bedzie-miejskiego-sylwestra-na-dworcu-fabrycznym-w-lodzi\/\" \/>\n<meta property=\"og:site_name\" content=\"Sylwester.pl\" \/>\n<meta property=\"article:published_time\" content=\"2016-12-22T10:44:25+00:00\" \/>\n<meta property=\"article:modified_time\" content=\"2023-10-18T09:22:37+00:00\" \/>\n<meta property=\"og:image\" content=\"https:\/\/www.sylwester.pl\/przewodnik\/wp-content\/uploads\/ostroleka.jpg\" \/>\n\t<meta property=\"og:image:width\" content=\"1280\" \/>\n\t<meta property=\"og:image:height\" content=\"801\" \/>\n\t<meta property=\"og:image:type\" content=\"image\/jpeg\" \/>\n<meta name=\"author\" content=\"Sylwestrowo\" \/>\n<meta name=\"twitter:card\" content=\"summary_large_image\" \/>\n<meta name=\"twitter:label1\" content=\"Napisane przez\" \/>\n\t<meta name=\"twitter:data1\" content=\"Sylwestrowo\" \/>\n\t<meta name=\"twitter:label2\" content=\"Szacowany czas czytania\" \/>\n\t<meta name=\"twitter:data2\" content=\"1 minuta\" \/>\n<script type=\"application\/ld+json\" class=\"yoast-schema-graph\">{\"@context\":\"https:\/\/schema.org\",\"@graph\":[{\"@type\":\"Article\",\"@id\":\"https:\/\/www.sylwester.pl\/przewodnik\/nie-bedzie-miejskiego-sylwestra-na-dworcu-fabrycznym-w-lodzi\/#article\",\"isPartOf\":{\"@id\":\"https:\/\/www.sylwester.pl\/przewodnik\/nie-bedzie-miejskiego-sylwestra-na-dworcu-fabrycznym-w-lodzi\/\"},\"author\":{\"name\":\"Sylwestrowo\",\"@id\":\"https:\/\/www.sylwester.pl\/przewodnik\/#\/schema\/person\/5a2dccd53cb782c2c018fd539e75c0a2\"},\"headline\":\"Nie b\u0119dzie miejskiego Sylwestra na Dworcu Fabrycznym w \u0141odzi.\",\"datePublished\":\"2016-12-22T10:44:25+00:00\",\"dateModified\":\"2023-10-18T09:22:37+00:00\",\"mainEntityOfPage\":{\"@id\":\"https:\/\/www.sylwester.pl\/przewodnik\/nie-bedzie-miejskiego-sylwestra-na-dworcu-fabrycznym-w-lodzi\/\"},\"wordCount\":178,\"commentCount\":0,\"publisher\":{\"@id\":\"https:\/\/www.sylwester.pl\/przewodnik\/#organization\"},\"image\":{\"@id\":\"https:\/\/www.sylwester.pl\/przewodnik\/nie-bedzie-miejskiego-sylwestra-na-dworcu-fabrycznym-w-lodzi\/#primaryimage\"},\"thumbnailUrl\":\"https:\/\/www.sylwester.pl\/przewodnik\/wp-content\/uploads\/ostroleka.jpg\",\"keywords\":[\"\u0141\u00f3d\u017a\",\"Sylwester miejski w \u0141odzi\"],\"articleSection\":[\"Sylwester miejski\"],\"inLanguage\":\"pl-PL\",\"potentialAction\":[{\"@type\":\"CommentAction\",\"name\":\"Comment\",\"target\":[\"https:\/\/www.sylwester.pl\/przewodnik\/nie-bedzie-miejskiego-sylwestra-na-dworcu-fabrycznym-w-lodzi\/#respond\"]}]},{\"@type\":\"WebPage\",\"@id\":\"https:\/\/www.sylwester.pl\/przewodnik\/nie-bedzie-miejskiego-sylwestra-na-dworcu-fabrycznym-w-lodzi\/\",\"url\":\"https:\/\/www.sylwester.pl\/przewodnik\/nie-bedzie-miejskiego-sylwestra-na-dworcu-fabrycznym-w-lodzi\/\",\"name\":\"Nie b\u0119dzie miejskiego Sylwestra na Dworcu Fabrycznym w \u0141odzi. - Sylwester.pl\",\"isPartOf\":{\"@id\":\"https:\/\/www.sylwester.pl\/przewodnik\/#website\"},\"primaryImageOfPage\":{\"@id\":\"https:\/\/www.sylwester.pl\/przewodnik\/nie-bedzie-miejskiego-sylwestra-na-dworcu-fabrycznym-w-lodzi\/#primaryimage\"},\"image\":{\"@id\":\"https:\/\/www.sylwester.pl\/przewodnik\/nie-bedzie-miejskiego-sylwestra-na-dworcu-fabrycznym-w-lodzi\/#primaryimage\"},\"thumbnailUrl\":\"https:\/\/www.sylwester.pl\/przewodnik\/wp-content\/uploads\/ostroleka.jpg\",\"datePublished\":\"2016-12-22T10:44:25+00:00\",\"dateModified\":\"2023-10-18T09:22:37+00:00\",\"breadcrumb\":{\"@id\":\"https:\/\/www.sylwester.pl\/przewodnik\/nie-bedzie-miejskiego-sylwestra-na-dworcu-fabrycznym-w-lodzi\/#breadcrumb\"},\"inLanguage\":\"pl-PL\",\"potentialAction\":[{\"@type\":\"ReadAction\",\"target\":[\"https:\/\/www.sylwester.pl\/przewodnik\/nie-bedzie-miejskiego-sylwestra-na-dworcu-fabrycznym-w-lodzi\/\"]}]},{\"@type\":\"ImageObject\",\"inLanguage\":\"pl-PL\",\"@id\":\"https:\/\/www.sylwester.pl\/przewodnik\/nie-bedzie-miejskiego-sylwestra-na-dworcu-fabrycznym-w-lodzi\/#primaryimage\",\"url\":\"https:\/\/www.sylwester.pl\/przewodnik\/wp-content\/uploads\/ostroleka.jpg\",\"contentUrl\":\"https:\/\/www.sylwester.pl\/przewodnik\/wp-content\/uploads\/ostroleka.jpg\",\"width\":1280,\"height\":801},{\"@type\":\"BreadcrumbList\",\"@id\":\"https:\/\/www.sylwester.pl\/przewodnik\/nie-bedzie-miejskiego-sylwestra-na-dworcu-fabrycznym-w-lodzi\/#breadcrumb\",\"itemListElement\":[{\"@type\":\"ListItem\",\"position\":1,\"name\":\"Strona g\u0142\u00f3wna\",\"item\":\"https:\/\/www.sylwester.pl\/przewodnik\/\"},{\"@type\":\"ListItem\",\"position\":2,\"name\":\"Nie b\u0119dzie miejskiego Sylwestra na Dworcu Fabrycznym w \u0141odzi.\"}]},{\"@type\":\"WebSite\",\"@id\":\"https:\/\/www.sylwester.pl\/przewodnik\/#website\",\"url\":\"https:\/\/www.sylwester.pl\/przewodnik\/\",\"name\":\"Sylwester.pl\",\"description\":\"Sylwester zaczyna si\u0119 tutaj.\",\"publisher\":{\"@id\":\"https:\/\/www.sylwester.pl\/przewodnik\/#organization\"},\"potentialAction\":[{\"@type\":\"SearchAction\",\"target\":{\"@type\":\"EntryPoint\",\"urlTemplate\":\"https:\/\/www.sylwester.pl\/przewodnik\/?s={search_term_string}\"},\"query-input\":{\"@type\":\"PropertyValueSpecification\",\"valueRequired\":true,\"valueName\":\"search_term_string\"}}],\"inLanguage\":\"pl-PL\"},{\"@type\":\"Organization\",\"@id\":\"https:\/\/www.sylwester.pl\/przewodnik\/#organization\",\"name\":\"Sylwester.pl\",\"url\":\"https:\/\/www.sylwester.pl\/przewodnik\/\",\"logo\":{\"@type\":\"ImageObject\",\"inLanguage\":\"pl-PL\",\"@id\":\"https:\/\/www.sylwester.pl\/przewodnik\/#\/schema\/logo\/image\/\",\"url\":\"https:\/\/www.sylwester.pl\/przewodnik\/wp-content\/uploads\/logo-sylwester.png\",\"contentUrl\":\"https:\/\/www.sylwester.pl\/przewodnik\/wp-content\/uploads\/logo-sylwester.png\",\"width\":177,\"height\":40,\"caption\":\"Sylwester.pl\"},\"image\":{\"@id\":\"https:\/\/www.sylwester.pl\/przewodnik\/#\/schema\/logo\/image\/\"}},{\"@type\":\"Person\",\"@id\":\"https:\/\/www.sylwester.pl\/przewodnik\/#\/schema\/person\/5a2dccd53cb782c2c018fd539e75c0a2\",\"name\":\"Sylwestrowo\",\"url\":\"https:\/\/www.sylwester.pl\/przewodnik\/author\/sylwestrowo\/\"}]}<\/script>\n<!-- \/ Yoast SEO plugin. -->","yoast_head_json":{"title":"Nie b\u0119dzie miejskiego Sylwestra na Dworcu Fabrycznym w \u0141odzi. - Sylwester.pl","robots":{"index":"index","follow":"follow","max-snippet":"max-snippet:-1","max-image-preview":"max-image-preview:large","max-video-preview":"max-video-preview:-1"},"canonical":"https:\/\/www.sylwester.pl\/przewodnik\/nie-bedzie-miejskiego-sylwestra-na-dworcu-fabrycznym-w-lodzi\/","og_locale":"pl_PL","og_type":"article","og_title":"Nie b\u0119dzie miejskiego Sylwestra na Dworcu Fabrycznym w \u0141odzi. - Sylwester.pl","og_description":"Miasto nie porozumia\u0142o si\u0119 w sprawie organizacji imprezy sylwestrowej z PKP, kt\u00f3re stanowczo odmawia zabawy na placu przed dworcem \u0141\u00f3d\u017a Fabryczna. Tak\u0105 decyzj\u0119 sp\u00f3\u0142ka argumentuje tym, \u017ce impreza grozi dewastacj\u0105 nowego dworca oraz zagra\u017ca bezpiecze\u0144stwu.","og_url":"https:\/\/www.sylwester.pl\/przewodnik\/nie-bedzie-miejskiego-sylwestra-na-dworcu-fabrycznym-w-lodzi\/","og_site_name":"Sylwester.pl","article_published_time":"2016-12-22T10:44:25+00:00","article_modified_time":"2023-10-18T09:22:37+00:00","og_image":[{"width":1280,"height":801,"url":"https:\/\/www.sylwester.pl\/przewodnik\/wp-content\/uploads\/ostroleka.jpg","type":"image\/jpeg"}],"author":"Sylwestrowo","twitter_card":"summary_large_image","twitter_misc":{"Napisane przez":"Sylwestrowo","Szacowany czas czytania":"1 minuta"},"schema":{"@context":"https:\/\/schema.org","@graph":[{"@type":"Article","@id":"https:\/\/www.sylwester.pl\/przewodnik\/nie-bedzie-miejskiego-sylwestra-na-dworcu-fabrycznym-w-lodzi\/#article","isPartOf":{"@id":"https:\/\/www.sylwester.pl\/przewodnik\/nie-bedzie-miejskiego-sylwestra-na-dworcu-fabrycznym-w-lodzi\/"},"author":{"name":"Sylwestrowo","@id":"https:\/\/www.sylwester.pl\/przewodnik\/#\/schema\/person\/5a2dccd53cb782c2c018fd539e75c0a2"},"headline":"Nie b\u0119dzie miejskiego Sylwestra na Dworcu Fabrycznym w \u0141odzi.","datePublished":"2016-12-22T10:44:25+00:00","dateModified":"2023-10-18T09:22:37+00:00","mainEntityOfPage":{"@id":"https:\/\/www.sylwester.pl\/przewodnik\/nie-bedzie-miejskiego-sylwestra-na-dworcu-fabrycznym-w-lodzi\/"},"wordCount":178,"commentCount":0,"publisher":{"@id":"https:\/\/www.sylwester.pl\/przewodnik\/#organization"},"image":{"@id":"https:\/\/www.sylwester.pl\/przewodnik\/nie-bedzie-miejskiego-sylwestra-na-dworcu-fabrycznym-w-lodzi\/#primaryimage"},"thumbnailUrl":"https:\/\/www.sylwester.pl\/przewodnik\/wp-content\/uploads\/ostroleka.jpg","keywords":["\u0141\u00f3d\u017a","Sylwester miejski w \u0141odzi"],"articleSection":["Sylwester miejski"],"inLanguage":"pl-PL","potentialAction":[{"@type":"CommentAction","name":"Comment","target":["https:\/\/www.sylwester.pl\/przewodnik\/nie-bedzie-miejskiego-sylwestra-na-dworcu-fabrycznym-w-lodzi\/#respond"]}]},{"@type":"WebPage","@id":"https:\/\/www.sylwester.pl\/przewodnik\/nie-bedzie-miejskiego-sylwestra-na-dworcu-fabrycznym-w-lodzi\/","url":"https:\/\/www.sylwester.pl\/przewodnik\/nie-bedzie-miejskiego-sylwestra-na-dworcu-fabrycznym-w-lodzi\/","name":"Nie b\u0119dzie miejskiego Sylwestra na Dworcu Fabrycznym w \u0141odzi. - Sylwester.pl","isPartOf":{"@id":"https:\/\/www.sylwester.pl\/przewodnik\/#website"},"primaryImageOfPage":{"@id":"https:\/\/www.sylwester.pl\/przewodnik\/nie-bedzie-miejskiego-sylwestra-na-dworcu-fabrycznym-w-lodzi\/#primaryimage"},"image":{"@id":"https:\/\/www.sylwester.pl\/przewodnik\/nie-bedzie-miejskiego-sylwestra-na-dworcu-fabrycznym-w-lodzi\/#primaryimage"},"thumbnailUrl":"https:\/\/www.sylwester.pl\/przewodnik\/wp-content\/uploads\/ostroleka.jpg","datePublished":"2016-12-22T10:44:25+00:00","dateModified":"2023-10-18T09:22:37+00:00","breadcrumb":{"@id":"https:\/\/www.sylwester.pl\/przewodnik\/nie-bedzie-miejskiego-sylwestra-na-dworcu-fabrycznym-w-lodzi\/#breadcrumb"},"inLanguage":"pl-PL","potentialAction":[{"@type":"ReadAction","target":["https:\/\/www.sylwester.pl\/przewodnik\/nie-bedzie-miejskiego-sylwestra-na-dworcu-fabrycznym-w-lodzi\/"]}]},{"@type":"ImageObject","inLanguage":"pl-PL","@id":"https:\/\/www.sylwester.pl\/przewodnik\/nie-bedzie-miejskiego-sylwestra-na-dworcu-fabrycznym-w-lodzi\/#primaryimage","url":"https:\/\/www.sylwester.pl\/przewodnik\/wp-content\/uploads\/ostroleka.jpg","contentUrl":"https:\/\/www.sylwester.pl\/przewodnik\/wp-content\/uploads\/ostroleka.jpg","width":1280,"height":801},{"@type":"BreadcrumbList","@id":"https:\/\/www.sylwester.pl\/przewodnik\/nie-bedzie-miejskiego-sylwestra-na-dworcu-fabrycznym-w-lodzi\/#breadcrumb","itemListElement":[{"@type":"ListItem","position":1,"name":"Strona g\u0142\u00f3wna","item":"https:\/\/www.sylwester.pl\/przewodnik\/"},{"@type":"ListItem","position":2,"name":"Nie b\u0119dzie miejskiego Sylwestra na Dworcu Fabrycznym w \u0141odzi."}]},{"@type":"WebSite","@id":"https:\/\/www.sylwester.pl\/przewodnik\/#website","url":"https:\/\/www.sylwester.pl\/przewodnik\/","name":"Sylwester.pl","description":"Sylwester zaczyna si\u0119 tutaj.","publisher":{"@id":"https:\/\/www.sylwester.pl\/przewodnik\/#organization"},"potentialAction":[{"@type":"SearchAction","target":{"@type":"EntryPoint","urlTemplate":"https:\/\/www.sylwester.pl\/przewodnik\/?s={search_term_string}"},"query-input":{"@type":"PropertyValueSpecification","valueRequired":true,"valueName":"search_term_string"}}],"inLanguage":"pl-PL"},{"@type":"Organization","@id":"https:\/\/www.sylwester.pl\/przewodnik\/#organization","name":"Sylwester.pl","url":"https:\/\/www.sylwester.pl\/przewodnik\/","logo":{"@type":"ImageObject","inLanguage":"pl-PL","@id":"https:\/\/www.sylwester.pl\/przewodnik\/#\/schema\/logo\/image\/","url":"https:\/\/www.sylwester.pl\/przewodnik\/wp-content\/uploads\/logo-sylwester.png","contentUrl":"https:\/\/www.sylwester.pl\/przewodnik\/wp-content\/uploads\/logo-sylwester.png","width":177,"height":40,"caption":"Sylwester.pl"},"image":{"@id":"https:\/\/www.sylwester.pl\/przewodnik\/#\/schema\/logo\/image\/"}},{"@type":"Person","@id":"https:\/\/www.sylwester.pl\/przewodnik\/#\/schema\/person\/5a2dccd53cb782c2c018fd539e75c0a2","name":"Sylwestrowo","url":"https:\/\/www.sylwester.pl\/przewodnik\/author\/sylwestrowo\/"}]}},"_links":{"self":[{"href":"https:\/\/www.sylwester.pl\/przewodnik\/wp-json\/wp\/v2\/posts\/60532"}],"collection":[{"href":"https:\/\/www.sylwester.pl\/przewodnik\/wp-json\/wp\/v2\/posts"}],"about":[{"href":"https:\/\/www.sylwester.pl\/przewodnik\/wp-json\/wp\/v2\/types\/post"}],"author":[{"embeddable":true,"href":"https:\/\/www.sylwester.pl\/przewodnik\/wp-json\/wp\/v2\/users\/6"}],"replies":[{"embeddable":true,"href":"https:\/\/www.sylwester.pl\/przewodnik\/wp-json\/wp\/v2\/comments?post=60532"}],"version-history":[{"count":1,"href":"https:\/\/www.sylwester.pl\/przewodnik\/wp-json\/wp\/v2\/posts\/60532\/revisions"}],"predecessor-version":[{"id":60995,"href":"https:\/\/www.sylwester.pl\/przewodnik\/wp-json\/wp\/v2\/posts\/60532\/revisions\/60995"}],"wp:featuredmedia":[{"embeddable":true,"href":"https:\/\/www.sylwester.pl\/przewodnik\/wp-json\/wp\/v2\/media\/57504"}],"wp:attachment":[{"href":"https:\/\/www.sylwester.pl\/przewodnik\/wp-json\/wp\/v2\/media?parent=60532"}],"wp:term":[{"taxonomy":"category","embeddable":true,"href":"https:\/\/www.sylwester.pl\/przewodnik\/wp-json\/wp\/v2\/categories?post=60532"},{"taxonomy":"post_tag","embeddable":true,"href":"https:\/\/www.sylwester.pl\/przewodnik\/wp-json\/wp\/v2\/tags?post=60532"}],"curies":[{"name":"wp","href":"https:\/\/api.w.org\/{rel}","templated":true}]}}