{"id":60489,"date":"2016-10-26T06:08:15","date_gmt":"2016-10-26T06:08:15","guid":{"rendered":"https:\/\/www.sylwester.pl\/przewodnik\/sylwester-na-dworcu-fabrycznym-w-lodzi\/"},"modified":"2023-10-18T09:22:33","modified_gmt":"2023-10-18T09:22:33","slug":"sylwester-na-dworcu-fabrycznym-w-lodzi","status":"publish","type":"post","link":"https:\/\/www.sylwester.pl\/przewodnik\/sylwester-na-dworcu-fabrycznym-w-lodzi\/","title":{"rendered":"Sylwester na Dworcu Fabrycznym w \u0141odzi!"},"content":{"rendered":"<p style=\"text-align: justify;\">Po siedmiu latach przerwy w \u0141odzi odb\u0119dzie si\u0119 d\u0142ugo wyczekiwany Sylwester miejski! Impreza rozpocznie si\u0119 o godzinie 23 na placu przed Dworcem \u0141\u00f3d\u017a Fabryczna. <!--more--><\/p>\n<p style=\"text-align: justify;\">Imprez\u0119 urozmaic\u0105 pokazy \u015bwietlno-muzyczne, pokazy laserowe, mapping na budynku nowego dworca i wiele wi\u0119cej. O p\u00f3\u0142nocy odb\u0119dzie si\u0119 oczywi\u015bcie niepowtarzalny pokaz fajerwerk\u00f3w.<\/p>\n<p style=\"text-align: justify;\">Przypomnijmy, \u017ce rok 2010 \u0142odzianie witali z Placu Wolno\u015bci\u00a0przy d\u017awi\u0119kach zespo\u0142\u00f3w: Audiofeels, Kombii oraz Blue Cafe.\u00a0Atmosfer\u0119 rozgrzewali tak\u017ce s\u0142ynni wokali\u015bci: Doda, Maryla Rodowicz, Ewa Farna, Oceana czy Candy Girl. Przybyli go\u015bcie mieli okazj\u0119 tak\u017ce do zobaczenia na \u017cywo skeczy Kabaretu Ani Mru Mru oraz Moralnego Niepokoju. Scena przypomina\u0142a kosmodrom, a rakieta o kszta\u0142cie \u015bruby zas\u0142oni\u0142a pomnik Tadeusza Ko\u015bciuszki. Zosta\u0142a nawet zdj\u0119ta trakcja tramwajowa.\u00a0Jakich wra\u017ce\u0144 mo\u017cemy spodziewa\u0107 si\u0119 w tym roku?<\/p>\n","protected":false},"excerpt":{"rendered":"<p>Po siedmiu latach przerwy w \u0141odzi odb\u0119dzie si\u0119 d\u0142ugo wyczekiwany Sylwester miejski! Impreza rozpocznie si\u0119 o godzinie 23 na placu przed Dworcem \u0141\u00f3d\u017a Fabryczna.<\/p>\n","protected":false},"author":6,"featured_media":57841,"comment_status":"open","ping_status":"closed","sticky":false,"template":"","format":"standard","meta":{"footnotes":""},"categories":[109],"tags":[163,243],"class_list":["post-60489","post","type-post","status-publish","format-standard","has-post-thumbnail","hentry","category-sylwester-miejski","tag-lodz","tag-sylwester-miejski-w-lodzi"],"yoast_head":"<!-- This site is optimized with the Yoast SEO plugin v23.4 - https:\/\/yoast.com\/wordpress\/plugins\/seo\/ -->\n<title>Sylwester na Dworcu Fabrycznym w \u0141odzi! - Sylwester.pl<\/title>\n<meta name=\"robots\" content=\"index, follow, max-snippet:-1, max-image-preview:large, max-video-preview:-1\" \/>\n<link rel=\"canonical\" href=\"https:\/\/www.sylwester.pl\/przewodnik\/sylwester-na-dworcu-fabrycznym-w-lodzi\/\" \/>\n<meta property=\"og:locale\" content=\"pl_PL\" \/>\n<meta property=\"og:type\" content=\"article\" \/>\n<meta property=\"og:title\" content=\"Sylwester na Dworcu Fabrycznym w \u0141odzi! - Sylwester.pl\" \/>\n<meta property=\"og:description\" content=\"Po siedmiu latach przerwy w \u0141odzi odb\u0119dzie si\u0119 d\u0142ugo wyczekiwany Sylwester miejski! Impreza rozpocznie si\u0119 o godzinie 23 na placu przed Dworcem \u0141\u00f3d\u017a Fabryczna.\" \/>\n<meta property=\"og:url\" content=\"https:\/\/www.sylwester.pl\/przewodnik\/sylwester-na-dworcu-fabrycznym-w-lodzi\/\" \/>\n<meta property=\"og:site_name\" content=\"Sylwester.pl\" \/>\n<meta property=\"article:published_time\" content=\"2016-10-26T06:08:15+00:00\" \/>\n<meta property=\"article:modified_time\" content=\"2023-10-18T09:22:33+00:00\" \/>\n<meta property=\"og:image\" content=\"https:\/\/www.sylwester.pl\/przewodnik\/wp-content\/uploads\/fireworks-522538_960_720.jpg\" \/>\n\t<meta property=\"og:image:width\" content=\"960\" \/>\n\t<meta property=\"og:image:height\" content=\"720\" \/>\n\t<meta property=\"og:image:type\" content=\"image\/jpeg\" \/>\n<meta name=\"author\" content=\"Sylwestrowo\" \/>\n<meta name=\"twitter:card\" content=\"summary_large_image\" \/>\n<meta name=\"twitter:label1\" content=\"Napisane przez\" \/>\n\t<meta name=\"twitter:data1\" content=\"Sylwestrowo\" \/>\n\t<meta name=\"twitter:label2\" content=\"Szacowany czas czytania\" \/>\n\t<meta name=\"twitter:data2\" content=\"1 minuta\" \/>\n<script type=\"application\/ld+json\" class=\"yoast-schema-graph\">{\"@context\":\"https:\/\/schema.org\",\"@graph\":[{\"@type\":\"Article\",\"@id\":\"https:\/\/www.sylwester.pl\/przewodnik\/sylwester-na-dworcu-fabrycznym-w-lodzi\/#article\",\"isPartOf\":{\"@id\":\"https:\/\/www.sylwester.pl\/przewodnik\/sylwester-na-dworcu-fabrycznym-w-lodzi\/\"},\"author\":{\"name\":\"Sylwestrowo\",\"@id\":\"https:\/\/www.sylwester.pl\/przewodnik\/#\/schema\/person\/5a2dccd53cb782c2c018fd539e75c0a2\"},\"headline\":\"Sylwester na Dworcu Fabrycznym w \u0141odzi!\",\"datePublished\":\"2016-10-26T06:08:15+00:00\",\"dateModified\":\"2023-10-18T09:22:33+00:00\",\"mainEntityOfPage\":{\"@id\":\"https:\/\/www.sylwester.pl\/przewodnik\/sylwester-na-dworcu-fabrycznym-w-lodzi\/\"},\"wordCount\":148,\"commentCount\":0,\"publisher\":{\"@id\":\"https:\/\/www.sylwester.pl\/przewodnik\/#organization\"},\"image\":{\"@id\":\"https:\/\/www.sylwester.pl\/przewodnik\/sylwester-na-dworcu-fabrycznym-w-lodzi\/#primaryimage\"},\"thumbnailUrl\":\"https:\/\/www.sylwester.pl\/przewodnik\/wp-content\/uploads\/fireworks-522538_960_720.jpg\",\"keywords\":[\"\u0141\u00f3d\u017a\",\"Sylwester miejski w \u0141odzi\"],\"articleSection\":[\"Sylwester miejski\"],\"inLanguage\":\"pl-PL\",\"potentialAction\":[{\"@type\":\"CommentAction\",\"name\":\"Comment\",\"target\":[\"https:\/\/www.sylwester.pl\/przewodnik\/sylwester-na-dworcu-fabrycznym-w-lodzi\/#respond\"]}]},{\"@type\":\"WebPage\",\"@id\":\"https:\/\/www.sylwester.pl\/przewodnik\/sylwester-na-dworcu-fabrycznym-w-lodzi\/\",\"url\":\"https:\/\/www.sylwester.pl\/przewodnik\/sylwester-na-dworcu-fabrycznym-w-lodzi\/\",\"name\":\"Sylwester na Dworcu Fabrycznym w \u0141odzi! - Sylwester.pl\",\"isPartOf\":{\"@id\":\"https:\/\/www.sylwester.pl\/przewodnik\/#website\"},\"primaryImageOfPage\":{\"@id\":\"https:\/\/www.sylwester.pl\/przewodnik\/sylwester-na-dworcu-fabrycznym-w-lodzi\/#primaryimage\"},\"image\":{\"@id\":\"https:\/\/www.sylwester.pl\/przewodnik\/sylwester-na-dworcu-fabrycznym-w-lodzi\/#primaryimage\"},\"thumbnailUrl\":\"https:\/\/www.sylwester.pl\/przewodnik\/wp-content\/uploads\/fireworks-522538_960_720.jpg\",\"datePublished\":\"2016-10-26T06:08:15+00:00\",\"dateModified\":\"2023-10-18T09:22:33+00:00\",\"breadcrumb\":{\"@id\":\"https:\/\/www.sylwester.pl\/przewodnik\/sylwester-na-dworcu-fabrycznym-w-lodzi\/#breadcrumb\"},\"inLanguage\":\"pl-PL\",\"potentialAction\":[{\"@type\":\"ReadAction\",\"target\":[\"https:\/\/www.sylwester.pl\/przewodnik\/sylwester-na-dworcu-fabrycznym-w-lodzi\/\"]}]},{\"@type\":\"ImageObject\",\"inLanguage\":\"pl-PL\",\"@id\":\"https:\/\/www.sylwester.pl\/przewodnik\/sylwester-na-dworcu-fabrycznym-w-lodzi\/#primaryimage\",\"url\":\"https:\/\/www.sylwester.pl\/przewodnik\/wp-content\/uploads\/fireworks-522538_960_720.jpg\",\"contentUrl\":\"https:\/\/www.sylwester.pl\/przewodnik\/wp-content\/uploads\/fireworks-522538_960_720.jpg\",\"width\":960,\"height\":720,\"caption\":\"https:\/\/pixabay.com\/static\/uploads\/photo\/2014\/11\/08\/17\/56\/fireworks-522538_960_720.jpg\"},{\"@type\":\"BreadcrumbList\",\"@id\":\"https:\/\/www.sylwester.pl\/przewodnik\/sylwester-na-dworcu-fabrycznym-w-lodzi\/#breadcrumb\",\"itemListElement\":[{\"@type\":\"ListItem\",\"position\":1,\"name\":\"Strona g\u0142\u00f3wna\",\"item\":\"https:\/\/www.sylwester.pl\/przewodnik\/\"},{\"@type\":\"ListItem\",\"position\":2,\"name\":\"Sylwester na Dworcu Fabrycznym w \u0141odzi!\"}]},{\"@type\":\"WebSite\",\"@id\":\"https:\/\/www.sylwester.pl\/przewodnik\/#website\",\"url\":\"https:\/\/www.sylwester.pl\/przewodnik\/\",\"name\":\"Sylwester.pl\",\"description\":\"Sylwester zaczyna si\u0119 tutaj.\",\"publisher\":{\"@id\":\"https:\/\/www.sylwester.pl\/przewodnik\/#organization\"},\"potentialAction\":[{\"@type\":\"SearchAction\",\"target\":{\"@type\":\"EntryPoint\",\"urlTemplate\":\"https:\/\/www.sylwester.pl\/przewodnik\/?s={search_term_string}\"},\"query-input\":{\"@type\":\"PropertyValueSpecification\",\"valueRequired\":true,\"valueName\":\"search_term_string\"}}],\"inLanguage\":\"pl-PL\"},{\"@type\":\"Organization\",\"@id\":\"https:\/\/www.sylwester.pl\/przewodnik\/#organization\",\"name\":\"Sylwester.pl\",\"url\":\"https:\/\/www.sylwester.pl\/przewodnik\/\",\"logo\":{\"@type\":\"ImageObject\",\"inLanguage\":\"pl-PL\",\"@id\":\"https:\/\/www.sylwester.pl\/przewodnik\/#\/schema\/logo\/image\/\",\"url\":\"https:\/\/www.sylwester.pl\/przewodnik\/wp-content\/uploads\/logo-sylwester.png\",\"contentUrl\":\"https:\/\/www.sylwester.pl\/przewodnik\/wp-content\/uploads\/logo-sylwester.png\",\"width\":177,\"height\":40,\"caption\":\"Sylwester.pl\"},\"image\":{\"@id\":\"https:\/\/www.sylwester.pl\/przewodnik\/#\/schema\/logo\/image\/\"}},{\"@type\":\"Person\",\"@id\":\"https:\/\/www.sylwester.pl\/przewodnik\/#\/schema\/person\/5a2dccd53cb782c2c018fd539e75c0a2\",\"name\":\"Sylwestrowo\",\"url\":\"https:\/\/www.sylwester.pl\/przewodnik\/author\/sylwestrowo\/\"}]}<\/script>\n<!-- \/ Yoast SEO plugin. -->","yoast_head_json":{"title":"Sylwester na Dworcu Fabrycznym w \u0141odzi! - Sylwester.pl","robots":{"index":"index","follow":"follow","max-snippet":"max-snippet:-1","max-image-preview":"max-image-preview:large","max-video-preview":"max-video-preview:-1"},"canonical":"https:\/\/www.sylwester.pl\/przewodnik\/sylwester-na-dworcu-fabrycznym-w-lodzi\/","og_locale":"pl_PL","og_type":"article","og_title":"Sylwester na Dworcu Fabrycznym w \u0141odzi! - Sylwester.pl","og_description":"Po siedmiu latach przerwy w \u0141odzi odb\u0119dzie si\u0119 d\u0142ugo wyczekiwany Sylwester miejski! Impreza rozpocznie si\u0119 o godzinie 23 na placu przed Dworcem \u0141\u00f3d\u017a Fabryczna.","og_url":"https:\/\/www.sylwester.pl\/przewodnik\/sylwester-na-dworcu-fabrycznym-w-lodzi\/","og_site_name":"Sylwester.pl","article_published_time":"2016-10-26T06:08:15+00:00","article_modified_time":"2023-10-18T09:22:33+00:00","og_image":[{"width":960,"height":720,"url":"https:\/\/www.sylwester.pl\/przewodnik\/wp-content\/uploads\/fireworks-522538_960_720.jpg","type":"image\/jpeg"}],"author":"Sylwestrowo","twitter_card":"summary_large_image","twitter_misc":{"Napisane przez":"Sylwestrowo","Szacowany czas czytania":"1 minuta"},"schema":{"@context":"https:\/\/schema.org","@graph":[{"@type":"Article","@id":"https:\/\/www.sylwester.pl\/przewodnik\/sylwester-na-dworcu-fabrycznym-w-lodzi\/#article","isPartOf":{"@id":"https:\/\/www.sylwester.pl\/przewodnik\/sylwester-na-dworcu-fabrycznym-w-lodzi\/"},"author":{"name":"Sylwestrowo","@id":"https:\/\/www.sylwester.pl\/przewodnik\/#\/schema\/person\/5a2dccd53cb782c2c018fd539e75c0a2"},"headline":"Sylwester na Dworcu Fabrycznym w \u0141odzi!","datePublished":"2016-10-26T06:08:15+00:00","dateModified":"2023-10-18T09:22:33+00:00","mainEntityOfPage":{"@id":"https:\/\/www.sylwester.pl\/przewodnik\/sylwester-na-dworcu-fabrycznym-w-lodzi\/"},"wordCount":148,"commentCount":0,"publisher":{"@id":"https:\/\/www.sylwester.pl\/przewodnik\/#organization"},"image":{"@id":"https:\/\/www.sylwester.pl\/przewodnik\/sylwester-na-dworcu-fabrycznym-w-lodzi\/#primaryimage"},"thumbnailUrl":"https:\/\/www.sylwester.pl\/przewodnik\/wp-content\/uploads\/fireworks-522538_960_720.jpg","keywords":["\u0141\u00f3d\u017a","Sylwester miejski w \u0141odzi"],"articleSection":["Sylwester miejski"],"inLanguage":"pl-PL","potentialAction":[{"@type":"CommentAction","name":"Comment","target":["https:\/\/www.sylwester.pl\/przewodnik\/sylwester-na-dworcu-fabrycznym-w-lodzi\/#respond"]}]},{"@type":"WebPage","@id":"https:\/\/www.sylwester.pl\/przewodnik\/sylwester-na-dworcu-fabrycznym-w-lodzi\/","url":"https:\/\/www.sylwester.pl\/przewodnik\/sylwester-na-dworcu-fabrycznym-w-lodzi\/","name":"Sylwester na Dworcu Fabrycznym w \u0141odzi! - Sylwester.pl","isPartOf":{"@id":"https:\/\/www.sylwester.pl\/przewodnik\/#website"},"primaryImageOfPage":{"@id":"https:\/\/www.sylwester.pl\/przewodnik\/sylwester-na-dworcu-fabrycznym-w-lodzi\/#primaryimage"},"image":{"@id":"https:\/\/www.sylwester.pl\/przewodnik\/sylwester-na-dworcu-fabrycznym-w-lodzi\/#primaryimage"},"thumbnailUrl":"https:\/\/www.sylwester.pl\/przewodnik\/wp-content\/uploads\/fireworks-522538_960_720.jpg","datePublished":"2016-10-26T06:08:15+00:00","dateModified":"2023-10-18T09:22:33+00:00","breadcrumb":{"@id":"https:\/\/www.sylwester.pl\/przewodnik\/sylwester-na-dworcu-fabrycznym-w-lodzi\/#breadcrumb"},"inLanguage":"pl-PL","potentialAction":[{"@type":"ReadAction","target":["https:\/\/www.sylwester.pl\/przewodnik\/sylwester-na-dworcu-fabrycznym-w-lodzi\/"]}]},{"@type":"ImageObject","inLanguage":"pl-PL","@id":"https:\/\/www.sylwester.pl\/przewodnik\/sylwester-na-dworcu-fabrycznym-w-lodzi\/#primaryimage","url":"https:\/\/www.sylwester.pl\/przewodnik\/wp-content\/uploads\/fireworks-522538_960_720.jpg","contentUrl":"https:\/\/www.sylwester.pl\/przewodnik\/wp-content\/uploads\/fireworks-522538_960_720.jpg","width":960,"height":720,"caption":"https:\/\/pixabay.com\/static\/uploads\/photo\/2014\/11\/08\/17\/56\/fireworks-522538_960_720.jpg"},{"@type":"BreadcrumbList","@id":"https:\/\/www.sylwester.pl\/przewodnik\/sylwester-na-dworcu-fabrycznym-w-lodzi\/#breadcrumb","itemListElement":[{"@type":"ListItem","position":1,"name":"Strona g\u0142\u00f3wna","item":"https:\/\/www.sylwester.pl\/przewodnik\/"},{"@type":"ListItem","position":2,"name":"Sylwester na Dworcu Fabrycznym w \u0141odzi!"}]},{"@type":"WebSite","@id":"https:\/\/www.sylwester.pl\/przewodnik\/#website","url":"https:\/\/www.sylwester.pl\/przewodnik\/","name":"Sylwester.pl","description":"Sylwester zaczyna si\u0119 tutaj.","publisher":{"@id":"https:\/\/www.sylwester.pl\/przewodnik\/#organization"},"potentialAction":[{"@type":"SearchAction","target":{"@type":"EntryPoint","urlTemplate":"https:\/\/www.sylwester.pl\/przewodnik\/?s={search_term_string}"},"query-input":{"@type":"PropertyValueSpecification","valueRequired":true,"valueName":"search_term_string"}}],"inLanguage":"pl-PL"},{"@type":"Organization","@id":"https:\/\/www.sylwester.pl\/przewodnik\/#organization","name":"Sylwester.pl","url":"https:\/\/www.sylwester.pl\/przewodnik\/","logo":{"@type":"ImageObject","inLanguage":"pl-PL","@id":"https:\/\/www.sylwester.pl\/przewodnik\/#\/schema\/logo\/image\/","url":"https:\/\/www.sylwester.pl\/przewodnik\/wp-content\/uploads\/logo-sylwester.png","contentUrl":"https:\/\/www.sylwester.pl\/przewodnik\/wp-content\/uploads\/logo-sylwester.png","width":177,"height":40,"caption":"Sylwester.pl"},"image":{"@id":"https:\/\/www.sylwester.pl\/przewodnik\/#\/schema\/logo\/image\/"}},{"@type":"Person","@id":"https:\/\/www.sylwester.pl\/przewodnik\/#\/schema\/person\/5a2dccd53cb782c2c018fd539e75c0a2","name":"Sylwestrowo","url":"https:\/\/www.sylwester.pl\/przewodnik\/author\/sylwestrowo\/"}]}},"_links":{"self":[{"href":"https:\/\/www.sylwester.pl\/przewodnik\/wp-json\/wp\/v2\/posts\/60489"}],"collection":[{"href":"https:\/\/www.sylwester.pl\/przewodnik\/wp-json\/wp\/v2\/posts"}],"about":[{"href":"https:\/\/www.sylwester.pl\/przewodnik\/wp-json\/wp\/v2\/types\/post"}],"author":[{"embeddable":true,"href":"https:\/\/www.sylwester.pl\/przewodnik\/wp-json\/wp\/v2\/users\/6"}],"replies":[{"embeddable":true,"href":"https:\/\/www.sylwester.pl\/przewodnik\/wp-json\/wp\/v2\/comments?post=60489"}],"version-history":[{"count":1,"href":"https:\/\/www.sylwester.pl\/przewodnik\/wp-json\/wp\/v2\/posts\/60489\/revisions"}],"predecessor-version":[{"id":60973,"href":"https:\/\/www.sylwester.pl\/przewodnik\/wp-json\/wp\/v2\/posts\/60489\/revisions\/60973"}],"wp:featuredmedia":[{"embeddable":true,"href":"https:\/\/www.sylwester.pl\/przewodnik\/wp-json\/wp\/v2\/media\/57841"}],"wp:attachment":[{"href":"https:\/\/www.sylwester.pl\/przewodnik\/wp-json\/wp\/v2\/media?parent=60489"}],"wp:term":[{"taxonomy":"category","embeddable":true,"href":"https:\/\/www.sylwester.pl\/przewodnik\/wp-json\/wp\/v2\/categories?post=60489"},{"taxonomy":"post_tag","embeddable":true,"href":"https:\/\/www.sylwester.pl\/przewodnik\/wp-json\/wp\/v2\/tags?post=60489"}],"curies":[{"name":"wp","href":"https:\/\/api.w.org\/{rel}","templated":true}]}}