{"id":60468,"date":"2018-09-25T12:13:45","date_gmt":"2018-09-25T12:13:45","guid":{"rendered":"https:\/\/www.sylwester.pl\/przewodnik\/tvn-przenosi-sylwestra-miejskiego-z-krakowa-do-warszawy\/"},"modified":"2023-10-18T09:22:16","modified_gmt":"2023-10-18T09:22:16","slug":"tvn-przenosi-sylwestra-miejskiego-z-krakowa-do-warszawy","status":"publish","type":"post","link":"https:\/\/www.sylwester.pl\/przewodnik\/tvn-przenosi-sylwestra-miejskiego-z-krakowa-do-warszawy\/","title":{"rendered":"TVN przenosi sylwestra miejskiego z Krakowa do Warszawy!"},"content":{"rendered":"<p>Spore zaskoczenie. Stacja TVN postanowi\u0142a przenie\u015b\u0107 sw\u00f3j coroczny koncert sylwestrowy z Krakowa do Warszawy. Fakt ten dziwi o tyle, \u017ce stolica i TVN wsp\u00f3\u0142pracowa\u0107 maj\u0105 przez cztery kolejne lata.<!--more--><\/p>\n<h2>Z Krakowa do stolicy<\/h2>\n<p>Stacja obiecuje, \u017ce dzi\u0119ki temu mieszka\u0144cy Warszawy b\u0119d\u0105 mieli okazj\u0119 wita\u0107 nowy rok przy najwi\u0119kszych przebojach polskich i zagranicznych artyst\u00f3w. TVN chce zmieni\u0107 formu\u0142\u0119 sylwestrowej zabawy. Jedn\u0105 ze zmian b\u0119dzie przeniesienie sceny z b\u0142oni PGE Stadionu Narodowego na Plac Defilad.<\/p>\n<h2>Krak\u00f3w zostawiony na lodzie?<\/h2>\n<p>A co z Krakowem? Nie s\u0105 znane \u017cadne plany, ani decyzje ze strony miasta zwi\u0105zane z sylwestrem. Pozosta\u0142e stacje, kt\u00f3re decyduj\u0105 si\u0119 co roku na organizacj\u0119 koncert\u00f3w sylwestrowych czyli TVP i Polsat, z du\u017c\u0105 pewno\u015bci\u0105 ponownie transmitowa\u0107 b\u0119d\u0105 sylwester odpowiednio z Wroc\u0142awia i Katowic. Krak\u00f3w w tym roku najprawdopodobniej zorganizuje skromniejsz\u0105 imprez\u0119 sylwestrow\u0105 bez telewizji (lub w og\u00f3le jej nie zorganizuje).<\/p>\n<p><center><a class=\"button\" href=\"https:\/\/www.sylwester.pl\/sylwester\/warszawa\">Sprawd\u017a oferty Sylwestrowe z Warszawy<\/a><\/center><iframe loading=\"lazy\" style=\"border: none; overflow: hidden;\" src=\"https:\/\/www.facebook.com\/plugins\/post.php?href=https%3A%2F%2Fwww.facebook.com%2Fevents%2F636123503167398%2Fpermalink%2F1048166015296476%2F&amp;width=470&amp;show_text=true&amp;appId=179319552171418&amp;height=475\" width=\"470\" height=\"475\" frameborder=\"0\" scrolling=\"no\"><\/iframe><\/p>\n<h2>\u015aDM zamiast sylwestra<\/h2>\n<p>Wycofanie si\u0119 Krakowa z partnerstwa ze stacj\u0105 TVN mo\u017ce by\u0107 spowodowane organizacj\u0105 \u015awiatowych Dni M\u0142odzie\u017cy, kt\u00f3re z pewno\u015bci\u0105 nadwyr\u0119\u017cy\u0142y bud\u017cet miasta. Rok temu sylwestrowy koncert kosztowa\u0142 a\u017c 5 milion\u00f3w z\u0142otych. Krak\u00f3w wy\u0142o\u017cy\u0142 mniej ni\u017c po\u0142ow\u0119 kwoty, bo 2 miliony. \u0141atwo przekalkulowa\u0107, \u017ce o ile miasto zdecydowa\u0142oby si\u0119 na koszt rz\u0119du 2 milion\u00f3w, to impreza sylwestrowa nie b\u0119dzie ju\u017c tak huczna jak w ubieg\u0142ych latach.<\/p>\n<p><iframe loading=\"lazy\" src=\"https:\/\/www.youtube.com\/embed\/T9kaPTPm9h8\" width=\"560\" height=\"315\" frameborder=\"0\" allowfullscreen=\"allowfullscreen\"><\/iframe><\/p>\n","protected":false},"excerpt":{"rendered":"<p>Spore zaskoczenie. Stacja TVN postanowi\u0142a przenie\u015b\u0107 sw\u00f3j coroczny koncert sylwestrowy z Krakowa do Warszawy. Fakt ten dziwi o tyle, \u017ce stolica i TVN wsp\u00f3\u0142pracowa\u0107 maj\u0105 przez cztery kolejne lata.<\/p>\n","protected":false},"author":6,"featured_media":57220,"comment_status":"open","ping_status":"closed","sticky":false,"template":"","format":"standard","meta":{"footnotes":""},"categories":[109],"tags":[159,241,255,328],"class_list":["post-60468","post","type-post","status-publish","format-standard","has-post-thumbnail","hentry","category-sylwester-miejski","tag-krakow","tag-sylwester-miejski-w-krakowie","tag-sylwester-miejski-w-warszawie","tag-warszawa"],"yoast_head":"<!-- This site is optimized with the Yoast SEO plugin v23.4 - https:\/\/yoast.com\/wordpress\/plugins\/seo\/ -->\n<title>TVN przenosi sylwestra miejskiego z Krakowa do Warszawy! - Sylwester.pl<\/title>\n<meta name=\"robots\" content=\"index, follow, max-snippet:-1, max-image-preview:large, max-video-preview:-1\" \/>\n<link rel=\"canonical\" href=\"https:\/\/www.sylwester.pl\/przewodnik\/tvn-przenosi-sylwestra-miejskiego-z-krakowa-do-warszawy\/\" \/>\n<meta property=\"og:locale\" content=\"pl_PL\" \/>\n<meta property=\"og:type\" content=\"article\" \/>\n<meta property=\"og:title\" content=\"TVN przenosi sylwestra miejskiego z Krakowa do Warszawy! - Sylwester.pl\" \/>\n<meta property=\"og:description\" content=\"Spore zaskoczenie. Stacja TVN postanowi\u0142a przenie\u015b\u0107 sw\u00f3j coroczny koncert sylwestrowy z Krakowa do Warszawy. Fakt ten dziwi o tyle, \u017ce stolica i TVN wsp\u00f3\u0142pracowa\u0107 maj\u0105 przez cztery kolejne lata.\" \/>\n<meta property=\"og:url\" content=\"https:\/\/www.sylwester.pl\/przewodnik\/tvn-przenosi-sylwestra-miejskiego-z-krakowa-do-warszawy\/\" \/>\n<meta property=\"og:site_name\" content=\"Sylwester.pl\" \/>\n<meta property=\"article:published_time\" content=\"2018-09-25T12:13:45+00:00\" \/>\n<meta property=\"article:modified_time\" content=\"2023-10-18T09:22:16+00:00\" \/>\n<meta property=\"og:image\" content=\"https:\/\/www.sylwester.pl\/przewodnik\/wp-content\/uploads\/warszawa-sylwester.jpg\" \/>\n\t<meta property=\"og:image:width\" content=\"1280\" \/>\n\t<meta property=\"og:image:height\" content=\"788\" \/>\n\t<meta property=\"og:image:type\" content=\"image\/jpeg\" \/>\n<meta name=\"author\" content=\"Sylwestrowo\" \/>\n<meta name=\"twitter:card\" content=\"summary_large_image\" \/>\n<meta name=\"twitter:label1\" content=\"Napisane przez\" \/>\n\t<meta name=\"twitter:data1\" content=\"Sylwestrowo\" \/>\n\t<meta name=\"twitter:label2\" content=\"Szacowany czas czytania\" \/>\n\t<meta name=\"twitter:data2\" content=\"1 minuta\" \/>\n<script type=\"application\/ld+json\" class=\"yoast-schema-graph\">{\"@context\":\"https:\/\/schema.org\",\"@graph\":[{\"@type\":\"Article\",\"@id\":\"https:\/\/www.sylwester.pl\/przewodnik\/tvn-przenosi-sylwestra-miejskiego-z-krakowa-do-warszawy\/#article\",\"isPartOf\":{\"@id\":\"https:\/\/www.sylwester.pl\/przewodnik\/tvn-przenosi-sylwestra-miejskiego-z-krakowa-do-warszawy\/\"},\"author\":{\"name\":\"Sylwestrowo\",\"@id\":\"https:\/\/www.sylwester.pl\/przewodnik\/#\/schema\/person\/5a2dccd53cb782c2c018fd539e75c0a2\"},\"headline\":\"TVN przenosi sylwestra miejskiego z Krakowa do Warszawy!\",\"datePublished\":\"2018-09-25T12:13:45+00:00\",\"dateModified\":\"2023-10-18T09:22:16+00:00\",\"mainEntityOfPage\":{\"@id\":\"https:\/\/www.sylwester.pl\/przewodnik\/tvn-przenosi-sylwestra-miejskiego-z-krakowa-do-warszawy\/\"},\"wordCount\":254,\"commentCount\":0,\"publisher\":{\"@id\":\"https:\/\/www.sylwester.pl\/przewodnik\/#organization\"},\"image\":{\"@id\":\"https:\/\/www.sylwester.pl\/przewodnik\/tvn-przenosi-sylwestra-miejskiego-z-krakowa-do-warszawy\/#primaryimage\"},\"thumbnailUrl\":\"https:\/\/www.sylwester.pl\/przewodnik\/wp-content\/uploads\/warszawa-sylwester.jpg\",\"keywords\":[\"Krak\u00f3w\",\"Sylwester miejski w Krakowie\",\"Sylwester miejski w Warszawie\",\"Warszawa\"],\"articleSection\":[\"Sylwester miejski\"],\"inLanguage\":\"pl-PL\",\"potentialAction\":[{\"@type\":\"CommentAction\",\"name\":\"Comment\",\"target\":[\"https:\/\/www.sylwester.pl\/przewodnik\/tvn-przenosi-sylwestra-miejskiego-z-krakowa-do-warszawy\/#respond\"]}]},{\"@type\":\"WebPage\",\"@id\":\"https:\/\/www.sylwester.pl\/przewodnik\/tvn-przenosi-sylwestra-miejskiego-z-krakowa-do-warszawy\/\",\"url\":\"https:\/\/www.sylwester.pl\/przewodnik\/tvn-przenosi-sylwestra-miejskiego-z-krakowa-do-warszawy\/\",\"name\":\"TVN przenosi sylwestra miejskiego z Krakowa do Warszawy! - Sylwester.pl\",\"isPartOf\":{\"@id\":\"https:\/\/www.sylwester.pl\/przewodnik\/#website\"},\"primaryImageOfPage\":{\"@id\":\"https:\/\/www.sylwester.pl\/przewodnik\/tvn-przenosi-sylwestra-miejskiego-z-krakowa-do-warszawy\/#primaryimage\"},\"image\":{\"@id\":\"https:\/\/www.sylwester.pl\/przewodnik\/tvn-przenosi-sylwestra-miejskiego-z-krakowa-do-warszawy\/#primaryimage\"},\"thumbnailUrl\":\"https:\/\/www.sylwester.pl\/przewodnik\/wp-content\/uploads\/warszawa-sylwester.jpg\",\"datePublished\":\"2018-09-25T12:13:45+00:00\",\"dateModified\":\"2023-10-18T09:22:16+00:00\",\"breadcrumb\":{\"@id\":\"https:\/\/www.sylwester.pl\/przewodnik\/tvn-przenosi-sylwestra-miejskiego-z-krakowa-do-warszawy\/#breadcrumb\"},\"inLanguage\":\"pl-PL\",\"potentialAction\":[{\"@type\":\"ReadAction\",\"target\":[\"https:\/\/www.sylwester.pl\/przewodnik\/tvn-przenosi-sylwestra-miejskiego-z-krakowa-do-warszawy\/\"]}]},{\"@type\":\"ImageObject\",\"inLanguage\":\"pl-PL\",\"@id\":\"https:\/\/www.sylwester.pl\/przewodnik\/tvn-przenosi-sylwestra-miejskiego-z-krakowa-do-warszawy\/#primaryimage\",\"url\":\"https:\/\/www.sylwester.pl\/przewodnik\/wp-content\/uploads\/warszawa-sylwester.jpg\",\"contentUrl\":\"https:\/\/www.sylwester.pl\/przewodnik\/wp-content\/uploads\/warszawa-sylwester.jpg\",\"width\":1280,\"height\":788,\"caption\":\"Sylwester miejski w Warszawie\"},{\"@type\":\"BreadcrumbList\",\"@id\":\"https:\/\/www.sylwester.pl\/przewodnik\/tvn-przenosi-sylwestra-miejskiego-z-krakowa-do-warszawy\/#breadcrumb\",\"itemListElement\":[{\"@type\":\"ListItem\",\"position\":1,\"name\":\"Strona g\u0142\u00f3wna\",\"item\":\"https:\/\/www.sylwester.pl\/przewodnik\/\"},{\"@type\":\"ListItem\",\"position\":2,\"name\":\"TVN przenosi sylwestra miejskiego z Krakowa do Warszawy!\"}]},{\"@type\":\"WebSite\",\"@id\":\"https:\/\/www.sylwester.pl\/przewodnik\/#website\",\"url\":\"https:\/\/www.sylwester.pl\/przewodnik\/\",\"name\":\"Sylwester.pl\",\"description\":\"Sylwester zaczyna si\u0119 tutaj.\",\"publisher\":{\"@id\":\"https:\/\/www.sylwester.pl\/przewodnik\/#organization\"},\"potentialAction\":[{\"@type\":\"SearchAction\",\"target\":{\"@type\":\"EntryPoint\",\"urlTemplate\":\"https:\/\/www.sylwester.pl\/przewodnik\/?s={search_term_string}\"},\"query-input\":{\"@type\":\"PropertyValueSpecification\",\"valueRequired\":true,\"valueName\":\"search_term_string\"}}],\"inLanguage\":\"pl-PL\"},{\"@type\":\"Organization\",\"@id\":\"https:\/\/www.sylwester.pl\/przewodnik\/#organization\",\"name\":\"Sylwester.pl\",\"url\":\"https:\/\/www.sylwester.pl\/przewodnik\/\",\"logo\":{\"@type\":\"ImageObject\",\"inLanguage\":\"pl-PL\",\"@id\":\"https:\/\/www.sylwester.pl\/przewodnik\/#\/schema\/logo\/image\/\",\"url\":\"https:\/\/www.sylwester.pl\/przewodnik\/wp-content\/uploads\/logo-sylwester.png\",\"contentUrl\":\"https:\/\/www.sylwester.pl\/przewodnik\/wp-content\/uploads\/logo-sylwester.png\",\"width\":177,\"height\":40,\"caption\":\"Sylwester.pl\"},\"image\":{\"@id\":\"https:\/\/www.sylwester.pl\/przewodnik\/#\/schema\/logo\/image\/\"}},{\"@type\":\"Person\",\"@id\":\"https:\/\/www.sylwester.pl\/przewodnik\/#\/schema\/person\/5a2dccd53cb782c2c018fd539e75c0a2\",\"name\":\"Sylwestrowo\",\"url\":\"https:\/\/www.sylwester.pl\/przewodnik\/author\/sylwestrowo\/\"}]}<\/script>\n<!-- \/ Yoast SEO plugin. -->","yoast_head_json":{"title":"TVN przenosi sylwestra miejskiego z Krakowa do Warszawy! - Sylwester.pl","robots":{"index":"index","follow":"follow","max-snippet":"max-snippet:-1","max-image-preview":"max-image-preview:large","max-video-preview":"max-video-preview:-1"},"canonical":"https:\/\/www.sylwester.pl\/przewodnik\/tvn-przenosi-sylwestra-miejskiego-z-krakowa-do-warszawy\/","og_locale":"pl_PL","og_type":"article","og_title":"TVN przenosi sylwestra miejskiego z Krakowa do Warszawy! - Sylwester.pl","og_description":"Spore zaskoczenie. Stacja TVN postanowi\u0142a przenie\u015b\u0107 sw\u00f3j coroczny koncert sylwestrowy z Krakowa do Warszawy. Fakt ten dziwi o tyle, \u017ce stolica i TVN wsp\u00f3\u0142pracowa\u0107 maj\u0105 przez cztery kolejne lata.","og_url":"https:\/\/www.sylwester.pl\/przewodnik\/tvn-przenosi-sylwestra-miejskiego-z-krakowa-do-warszawy\/","og_site_name":"Sylwester.pl","article_published_time":"2018-09-25T12:13:45+00:00","article_modified_time":"2023-10-18T09:22:16+00:00","og_image":[{"width":1280,"height":788,"url":"https:\/\/www.sylwester.pl\/przewodnik\/wp-content\/uploads\/warszawa-sylwester.jpg","type":"image\/jpeg"}],"author":"Sylwestrowo","twitter_card":"summary_large_image","twitter_misc":{"Napisane przez":"Sylwestrowo","Szacowany czas czytania":"1 minuta"},"schema":{"@context":"https:\/\/schema.org","@graph":[{"@type":"Article","@id":"https:\/\/www.sylwester.pl\/przewodnik\/tvn-przenosi-sylwestra-miejskiego-z-krakowa-do-warszawy\/#article","isPartOf":{"@id":"https:\/\/www.sylwester.pl\/przewodnik\/tvn-przenosi-sylwestra-miejskiego-z-krakowa-do-warszawy\/"},"author":{"name":"Sylwestrowo","@id":"https:\/\/www.sylwester.pl\/przewodnik\/#\/schema\/person\/5a2dccd53cb782c2c018fd539e75c0a2"},"headline":"TVN przenosi sylwestra miejskiego z Krakowa do Warszawy!","datePublished":"2018-09-25T12:13:45+00:00","dateModified":"2023-10-18T09:22:16+00:00","mainEntityOfPage":{"@id":"https:\/\/www.sylwester.pl\/przewodnik\/tvn-przenosi-sylwestra-miejskiego-z-krakowa-do-warszawy\/"},"wordCount":254,"commentCount":0,"publisher":{"@id":"https:\/\/www.sylwester.pl\/przewodnik\/#organization"},"image":{"@id":"https:\/\/www.sylwester.pl\/przewodnik\/tvn-przenosi-sylwestra-miejskiego-z-krakowa-do-warszawy\/#primaryimage"},"thumbnailUrl":"https:\/\/www.sylwester.pl\/przewodnik\/wp-content\/uploads\/warszawa-sylwester.jpg","keywords":["Krak\u00f3w","Sylwester miejski w Krakowie","Sylwester miejski w Warszawie","Warszawa"],"articleSection":["Sylwester miejski"],"inLanguage":"pl-PL","potentialAction":[{"@type":"CommentAction","name":"Comment","target":["https:\/\/www.sylwester.pl\/przewodnik\/tvn-przenosi-sylwestra-miejskiego-z-krakowa-do-warszawy\/#respond"]}]},{"@type":"WebPage","@id":"https:\/\/www.sylwester.pl\/przewodnik\/tvn-przenosi-sylwestra-miejskiego-z-krakowa-do-warszawy\/","url":"https:\/\/www.sylwester.pl\/przewodnik\/tvn-przenosi-sylwestra-miejskiego-z-krakowa-do-warszawy\/","name":"TVN przenosi sylwestra miejskiego z Krakowa do Warszawy! - Sylwester.pl","isPartOf":{"@id":"https:\/\/www.sylwester.pl\/przewodnik\/#website"},"primaryImageOfPage":{"@id":"https:\/\/www.sylwester.pl\/przewodnik\/tvn-przenosi-sylwestra-miejskiego-z-krakowa-do-warszawy\/#primaryimage"},"image":{"@id":"https:\/\/www.sylwester.pl\/przewodnik\/tvn-przenosi-sylwestra-miejskiego-z-krakowa-do-warszawy\/#primaryimage"},"thumbnailUrl":"https:\/\/www.sylwester.pl\/przewodnik\/wp-content\/uploads\/warszawa-sylwester.jpg","datePublished":"2018-09-25T12:13:45+00:00","dateModified":"2023-10-18T09:22:16+00:00","breadcrumb":{"@id":"https:\/\/www.sylwester.pl\/przewodnik\/tvn-przenosi-sylwestra-miejskiego-z-krakowa-do-warszawy\/#breadcrumb"},"inLanguage":"pl-PL","potentialAction":[{"@type":"ReadAction","target":["https:\/\/www.sylwester.pl\/przewodnik\/tvn-przenosi-sylwestra-miejskiego-z-krakowa-do-warszawy\/"]}]},{"@type":"ImageObject","inLanguage":"pl-PL","@id":"https:\/\/www.sylwester.pl\/przewodnik\/tvn-przenosi-sylwestra-miejskiego-z-krakowa-do-warszawy\/#primaryimage","url":"https:\/\/www.sylwester.pl\/przewodnik\/wp-content\/uploads\/warszawa-sylwester.jpg","contentUrl":"https:\/\/www.sylwester.pl\/przewodnik\/wp-content\/uploads\/warszawa-sylwester.jpg","width":1280,"height":788,"caption":"Sylwester miejski w Warszawie"},{"@type":"BreadcrumbList","@id":"https:\/\/www.sylwester.pl\/przewodnik\/tvn-przenosi-sylwestra-miejskiego-z-krakowa-do-warszawy\/#breadcrumb","itemListElement":[{"@type":"ListItem","position":1,"name":"Strona g\u0142\u00f3wna","item":"https:\/\/www.sylwester.pl\/przewodnik\/"},{"@type":"ListItem","position":2,"name":"TVN przenosi sylwestra miejskiego z Krakowa do Warszawy!"}]},{"@type":"WebSite","@id":"https:\/\/www.sylwester.pl\/przewodnik\/#website","url":"https:\/\/www.sylwester.pl\/przewodnik\/","name":"Sylwester.pl","description":"Sylwester zaczyna si\u0119 tutaj.","publisher":{"@id":"https:\/\/www.sylwester.pl\/przewodnik\/#organization"},"potentialAction":[{"@type":"SearchAction","target":{"@type":"EntryPoint","urlTemplate":"https:\/\/www.sylwester.pl\/przewodnik\/?s={search_term_string}"},"query-input":{"@type":"PropertyValueSpecification","valueRequired":true,"valueName":"search_term_string"}}],"inLanguage":"pl-PL"},{"@type":"Organization","@id":"https:\/\/www.sylwester.pl\/przewodnik\/#organization","name":"Sylwester.pl","url":"https:\/\/www.sylwester.pl\/przewodnik\/","logo":{"@type":"ImageObject","inLanguage":"pl-PL","@id":"https:\/\/www.sylwester.pl\/przewodnik\/#\/schema\/logo\/image\/","url":"https:\/\/www.sylwester.pl\/przewodnik\/wp-content\/uploads\/logo-sylwester.png","contentUrl":"https:\/\/www.sylwester.pl\/przewodnik\/wp-content\/uploads\/logo-sylwester.png","width":177,"height":40,"caption":"Sylwester.pl"},"image":{"@id":"https:\/\/www.sylwester.pl\/przewodnik\/#\/schema\/logo\/image\/"}},{"@type":"Person","@id":"https:\/\/www.sylwester.pl\/przewodnik\/#\/schema\/person\/5a2dccd53cb782c2c018fd539e75c0a2","name":"Sylwestrowo","url":"https:\/\/www.sylwester.pl\/przewodnik\/author\/sylwestrowo\/"}]}},"_links":{"self":[{"href":"https:\/\/www.sylwester.pl\/przewodnik\/wp-json\/wp\/v2\/posts\/60468"}],"collection":[{"href":"https:\/\/www.sylwester.pl\/przewodnik\/wp-json\/wp\/v2\/posts"}],"about":[{"href":"https:\/\/www.sylwester.pl\/przewodnik\/wp-json\/wp\/v2\/types\/post"}],"author":[{"embeddable":true,"href":"https:\/\/www.sylwester.pl\/przewodnik\/wp-json\/wp\/v2\/users\/6"}],"replies":[{"embeddable":true,"href":"https:\/\/www.sylwester.pl\/przewodnik\/wp-json\/wp\/v2\/comments?post=60468"}],"version-history":[{"count":1,"href":"https:\/\/www.sylwester.pl\/przewodnik\/wp-json\/wp\/v2\/posts\/60468\/revisions"}],"predecessor-version":[{"id":60957,"href":"https:\/\/www.sylwester.pl\/przewodnik\/wp-json\/wp\/v2\/posts\/60468\/revisions\/60957"}],"wp:featuredmedia":[{"embeddable":true,"href":"https:\/\/www.sylwester.pl\/przewodnik\/wp-json\/wp\/v2\/media\/57220"}],"wp:attachment":[{"href":"https:\/\/www.sylwester.pl\/przewodnik\/wp-json\/wp\/v2\/media?parent=60468"}],"wp:term":[{"taxonomy":"category","embeddable":true,"href":"https:\/\/www.sylwester.pl\/przewodnik\/wp-json\/wp\/v2\/categories?post=60468"},{"taxonomy":"post_tag","embeddable":true,"href":"https:\/\/www.sylwester.pl\/przewodnik\/wp-json\/wp\/v2\/tags?post=60468"}],"curies":[{"name":"wp","href":"https:\/\/api.w.org\/{rel}","templated":true}]}}