{"id":60374,"date":"2016-09-19T10:30:00","date_gmt":"2016-09-19T10:30:00","guid":{"rendered":"https:\/\/www.sylwester.pl\/przewodnik\/sylwester-2014-z-tvp-we-wroclawiu-znamy-gwiazdy\/"},"modified":"2023-11-28T22:50:03","modified_gmt":"2023-11-28T22:50:03","slug":"sylwester-2014-z-tvp-we-wroclawiu-znamy-gwiazdy","status":"publish","type":"post","link":"https:\/\/www.sylwester.pl\/przewodnik\/sylwester-2014-z-tvp-we-wroclawiu-znamy-gwiazdy\/","title":{"rendered":"Sylwester 2014 z TVP2 we Wroc\u0142awiu \u2014 znamy gwiazdy!"},"content":{"rendered":"<p>Sylwester miejski we Wroc\u0142awiu, w tym roku po raz kolejny zostanie ju\u017c zorganizowany przez miasto razem z TVP 2. Gala koncertowa rozpocznie si\u0119 o godz 20:00. i potrwa a\u017c do godziny 01:50!<!--more--><\/p>\n<p>Na Wroc\u0142awskim Rynku go\u015bci\u0107 b\u0119d\u0105 takie gwiazdy jak <strong> Donatan &amp; Cleo<\/strong>, <strong>Bajm, <strong>Afromental, <\/strong>Perfect, Lemon, <strong>Patrycja Markowska, <\/strong>Pectus, Margaret, Rafa\u0142 Brzozowski, Bracia, Mesajah, Marek Piekarczyk, Natasza Urba\u0144ska, Piersi.<\/strong><\/p>\n<p>Has\u0142o przewodnie tegorocznego sylwestra we Wroc\u0142awiu to &#8222;Muzyczna podr\u00f3\u017c bez granic po krajach Europy&#8221; i nawi\u0105zuje do zaszczytu otrzymania przez miasto w 2016 roku tytu\u0142u Europejskiej Stolicy Kultury. Na scenie us\u0142yszymy zatem najwi\u0119ksze przeboje europejskiej muzyki rozrywkowej. Odwiedzimy muzycznie Angli\u0119, Szwecj\u0119, Francj\u0119, a nawet Ba\u0142kany. Nie zabraknie te\u017c polskich hit\u00f3w. \u0141\u0105cznie za\u015bpiewanych zostanie 50 przeboj\u00f3w!<\/p>\n<p>Za\u015bpiewaj\u0105 r\u00f3wnie\u017c go\u015bcie zza granicy: <strong><span style=\"color: #222222; font-family: 'PT Sans',Arial,sans-serif; font-size: 15px; font-style: normal; font-variant: normal; letter-spacing: normal; line-height: 21px; text-align: start; text-indent: 0px; text-transform: none; white-space: normal; word-spacing: 0px; display: inline ! important; float: none; background-color: #ffffff;\">Drupi<\/span> i lider zespo\u0142u Modern Talking \u2014 Thomas Anders<\/strong>.<\/p>\n<p>Rozbawia\u0107 widz\u00f3w b\u0119dzie w tym roku Kabaret Skecz\u00f3w M\u0119cz\u0105cych.<\/p>\n<p>W rol\u0119 prowadz\u0105cych wciel\u0105 si\u0119 <strong>Tomasz Kammel<\/strong> i <strong>Halina Mlynkowa oraz Barbara Kurdej-Szatan i Maciej Musia\u0142.<\/strong><\/p>\n<p>Wst\u0119p na koncert jest wolny.<strong><br \/>\n<\/strong><\/p>\n<p>Sylwester z Dw\u00f3jk\u0105 we Wroc\u0142awiu b\u0119dzie organizowany jeszcze co najmniej do 2017 roku. Rok 2013 owocowa\u0142 w wiele atrakcji, ca\u0142a impreza odby\u0142a si\u0119 w klimacie disco. Mogli\u015bmy zobaczy\u0107 takie s\u0142awy jak Justyna Steczkowska, Kamil Bednarek czy Edyta G\u00f3rniak.<\/p>\n<p><iframe loading=\"lazy\" src=\"\/\/www.youtube.com\/embed\/QKLuZWgWy90\" width=\"560\" height=\"315\" frameborder=\"0\" allowfullscreen=\"allowfullscreen\"><\/iframe><\/p>\n","protected":false},"excerpt":{"rendered":"<p>Sylwester miejski we Wroc\u0142awiu, w tym roku po raz kolejny zostanie ju\u017c zorganizowany przez miasto razem z TVP 2. Gala koncertowa rozpocznie si\u0119 o godz 20:00. i potrwa a\u017c do godziny 01:50!<\/p>\n","protected":false},"author":6,"featured_media":56317,"comment_status":"open","ping_status":"open","sticky":false,"template":"","format":"standard","meta":{"footnotes":""},"categories":[109],"tags":[259,268,301],"class_list":["post-60374","post","type-post","status-publish","format-standard","has-post-thumbnail","hentry","category-sylwester-miejski","tag-sylwester-miejski-we-wroclawiu","tag-sylwester-na-rynku-we-wroclawiu","tag-sylwester-z-dwojka"],"yoast_head":"<!-- This site is optimized with the Yoast SEO plugin v23.4 - https:\/\/yoast.com\/wordpress\/plugins\/seo\/ -->\n<title>Sylwester 2014 z TVP2 we Wroc\u0142awiu \u2014 znamy gwiazdy! - Sylwester.pl<\/title>\n<meta name=\"robots\" content=\"index, follow, max-snippet:-1, max-image-preview:large, max-video-preview:-1\" \/>\n<link rel=\"canonical\" href=\"https:\/\/www.sylwester.pl\/przewodnik\/sylwester-2014-z-tvp-we-wroclawiu-znamy-gwiazdy\/\" \/>\n<meta property=\"og:locale\" content=\"pl_PL\" \/>\n<meta property=\"og:type\" content=\"article\" \/>\n<meta property=\"og:title\" content=\"Sylwester 2014 z TVP2 we Wroc\u0142awiu \u2014 znamy gwiazdy! - Sylwester.pl\" \/>\n<meta property=\"og:description\" content=\"Sylwester miejski we Wroc\u0142awiu, w tym roku po raz kolejny zostanie ju\u017c zorganizowany przez miasto razem z TVP 2. Gala koncertowa rozpocznie si\u0119 o godz 20:00. i potrwa a\u017c do godziny 01:50!\" \/>\n<meta property=\"og:url\" content=\"https:\/\/www.sylwester.pl\/przewodnik\/sylwester-2014-z-tvp-we-wroclawiu-znamy-gwiazdy\/\" \/>\n<meta property=\"og:site_name\" content=\"Sylwester.pl\" \/>\n<meta property=\"article:published_time\" content=\"2016-09-19T10:30:00+00:00\" \/>\n<meta property=\"article:modified_time\" content=\"2023-11-28T22:50:03+00:00\" \/>\n<meta property=\"og:image\" content=\"https:\/\/www.sylwester.pl\/przewodnik\/wp-content\/uploads\/lemon.jpg\" \/>\n\t<meta property=\"og:image:width\" content=\"672\" \/>\n\t<meta property=\"og:image:height\" content=\"353\" \/>\n\t<meta property=\"og:image:type\" content=\"image\/jpeg\" \/>\n<meta name=\"author\" content=\"Sylwestrowo\" \/>\n<meta name=\"twitter:card\" content=\"summary_large_image\" \/>\n<meta name=\"twitter:label1\" content=\"Napisane przez\" \/>\n\t<meta name=\"twitter:data1\" content=\"Sylwestrowo\" \/>\n\t<meta name=\"twitter:label2\" content=\"Szacowany czas czytania\" \/>\n\t<meta name=\"twitter:data2\" content=\"2 minuty\" \/>\n<script type=\"application\/ld+json\" class=\"yoast-schema-graph\">{\"@context\":\"https:\/\/schema.org\",\"@graph\":[{\"@type\":\"Article\",\"@id\":\"https:\/\/www.sylwester.pl\/przewodnik\/sylwester-2014-z-tvp-we-wroclawiu-znamy-gwiazdy\/#article\",\"isPartOf\":{\"@id\":\"https:\/\/www.sylwester.pl\/przewodnik\/sylwester-2014-z-tvp-we-wroclawiu-znamy-gwiazdy\/\"},\"author\":{\"name\":\"Sylwestrowo\",\"@id\":\"https:\/\/www.sylwester.pl\/przewodnik\/#\/schema\/person\/5a2dccd53cb782c2c018fd539e75c0a2\"},\"headline\":\"Sylwester 2014 z TVP2 we Wroc\u0142awiu \u2014 znamy gwiazdy!\",\"datePublished\":\"2016-09-19T10:30:00+00:00\",\"dateModified\":\"2023-11-28T22:50:03+00:00\",\"mainEntityOfPage\":{\"@id\":\"https:\/\/www.sylwester.pl\/przewodnik\/sylwester-2014-z-tvp-we-wroclawiu-znamy-gwiazdy\/\"},\"wordCount\":231,\"commentCount\":3,\"publisher\":{\"@id\":\"https:\/\/www.sylwester.pl\/przewodnik\/#organization\"},\"image\":{\"@id\":\"https:\/\/www.sylwester.pl\/przewodnik\/sylwester-2014-z-tvp-we-wroclawiu-znamy-gwiazdy\/#primaryimage\"},\"thumbnailUrl\":\"https:\/\/www.sylwester.pl\/przewodnik\/wp-content\/uploads\/lemon.jpg\",\"keywords\":[\"Sylwester miejski we Wroc\u0142awiu\",\"Sylwester na rynku we Wroc\u0142awiu\",\"Sylwester z Dw\u00f3jk\u0105\"],\"articleSection\":[\"Sylwester miejski\"],\"inLanguage\":\"pl-PL\",\"potentialAction\":[{\"@type\":\"CommentAction\",\"name\":\"Comment\",\"target\":[\"https:\/\/www.sylwester.pl\/przewodnik\/sylwester-2014-z-tvp-we-wroclawiu-znamy-gwiazdy\/#respond\"]}]},{\"@type\":\"WebPage\",\"@id\":\"https:\/\/www.sylwester.pl\/przewodnik\/sylwester-2014-z-tvp-we-wroclawiu-znamy-gwiazdy\/\",\"url\":\"https:\/\/www.sylwester.pl\/przewodnik\/sylwester-2014-z-tvp-we-wroclawiu-znamy-gwiazdy\/\",\"name\":\"Sylwester 2014 z TVP2 we Wroc\u0142awiu \u2014 znamy gwiazdy! - Sylwester.pl\",\"isPartOf\":{\"@id\":\"https:\/\/www.sylwester.pl\/przewodnik\/#website\"},\"primaryImageOfPage\":{\"@id\":\"https:\/\/www.sylwester.pl\/przewodnik\/sylwester-2014-z-tvp-we-wroclawiu-znamy-gwiazdy\/#primaryimage\"},\"image\":{\"@id\":\"https:\/\/www.sylwester.pl\/przewodnik\/sylwester-2014-z-tvp-we-wroclawiu-znamy-gwiazdy\/#primaryimage\"},\"thumbnailUrl\":\"https:\/\/www.sylwester.pl\/przewodnik\/wp-content\/uploads\/lemon.jpg\",\"datePublished\":\"2016-09-19T10:30:00+00:00\",\"dateModified\":\"2023-11-28T22:50:03+00:00\",\"breadcrumb\":{\"@id\":\"https:\/\/www.sylwester.pl\/przewodnik\/sylwester-2014-z-tvp-we-wroclawiu-znamy-gwiazdy\/#breadcrumb\"},\"inLanguage\":\"pl-PL\",\"potentialAction\":[{\"@type\":\"ReadAction\",\"target\":[\"https:\/\/www.sylwester.pl\/przewodnik\/sylwester-2014-z-tvp-we-wroclawiu-znamy-gwiazdy\/\"]}]},{\"@type\":\"ImageObject\",\"inLanguage\":\"pl-PL\",\"@id\":\"https:\/\/www.sylwester.pl\/przewodnik\/sylwester-2014-z-tvp-we-wroclawiu-znamy-gwiazdy\/#primaryimage\",\"url\":\"https:\/\/www.sylwester.pl\/przewodnik\/wp-content\/uploads\/lemon.jpg\",\"contentUrl\":\"https:\/\/www.sylwester.pl\/przewodnik\/wp-content\/uploads\/lemon.jpg\",\"width\":672,\"height\":353,\"caption\":\"Sylwester we Wroc\u0142awiu 2014\/2015 - WymarzonySylwester.pl\"},{\"@type\":\"BreadcrumbList\",\"@id\":\"https:\/\/www.sylwester.pl\/przewodnik\/sylwester-2014-z-tvp-we-wroclawiu-znamy-gwiazdy\/#breadcrumb\",\"itemListElement\":[{\"@type\":\"ListItem\",\"position\":1,\"name\":\"Strona g\u0142\u00f3wna\",\"item\":\"https:\/\/www.sylwester.pl\/przewodnik\/\"},{\"@type\":\"ListItem\",\"position\":2,\"name\":\"Sylwester 2014 z TVP2 we Wroc\u0142awiu \u2014 znamy gwiazdy!\"}]},{\"@type\":\"WebSite\",\"@id\":\"https:\/\/www.sylwester.pl\/przewodnik\/#website\",\"url\":\"https:\/\/www.sylwester.pl\/przewodnik\/\",\"name\":\"Sylwester.pl\",\"description\":\"Sylwester zaczyna si\u0119 tutaj.\",\"publisher\":{\"@id\":\"https:\/\/www.sylwester.pl\/przewodnik\/#organization\"},\"potentialAction\":[{\"@type\":\"SearchAction\",\"target\":{\"@type\":\"EntryPoint\",\"urlTemplate\":\"https:\/\/www.sylwester.pl\/przewodnik\/?s={search_term_string}\"},\"query-input\":{\"@type\":\"PropertyValueSpecification\",\"valueRequired\":true,\"valueName\":\"search_term_string\"}}],\"inLanguage\":\"pl-PL\"},{\"@type\":\"Organization\",\"@id\":\"https:\/\/www.sylwester.pl\/przewodnik\/#organization\",\"name\":\"Sylwester.pl\",\"url\":\"https:\/\/www.sylwester.pl\/przewodnik\/\",\"logo\":{\"@type\":\"ImageObject\",\"inLanguage\":\"pl-PL\",\"@id\":\"https:\/\/www.sylwester.pl\/przewodnik\/#\/schema\/logo\/image\/\",\"url\":\"https:\/\/www.sylwester.pl\/przewodnik\/wp-content\/uploads\/logo-sylwester.png\",\"contentUrl\":\"https:\/\/www.sylwester.pl\/przewodnik\/wp-content\/uploads\/logo-sylwester.png\",\"width\":177,\"height\":40,\"caption\":\"Sylwester.pl\"},\"image\":{\"@id\":\"https:\/\/www.sylwester.pl\/przewodnik\/#\/schema\/logo\/image\/\"}},{\"@type\":\"Person\",\"@id\":\"https:\/\/www.sylwester.pl\/przewodnik\/#\/schema\/person\/5a2dccd53cb782c2c018fd539e75c0a2\",\"name\":\"Sylwestrowo\",\"url\":\"https:\/\/www.sylwester.pl\/przewodnik\/author\/sylwestrowo\/\"}]}<\/script>\n<!-- \/ Yoast SEO plugin. -->","yoast_head_json":{"title":"Sylwester 2014 z TVP2 we Wroc\u0142awiu \u2014 znamy gwiazdy! - Sylwester.pl","robots":{"index":"index","follow":"follow","max-snippet":"max-snippet:-1","max-image-preview":"max-image-preview:large","max-video-preview":"max-video-preview:-1"},"canonical":"https:\/\/www.sylwester.pl\/przewodnik\/sylwester-2014-z-tvp-we-wroclawiu-znamy-gwiazdy\/","og_locale":"pl_PL","og_type":"article","og_title":"Sylwester 2014 z TVP2 we Wroc\u0142awiu \u2014 znamy gwiazdy! - Sylwester.pl","og_description":"Sylwester miejski we Wroc\u0142awiu, w tym roku po raz kolejny zostanie ju\u017c zorganizowany przez miasto razem z TVP 2. Gala koncertowa rozpocznie si\u0119 o godz 20:00. i potrwa a\u017c do godziny 01:50!","og_url":"https:\/\/www.sylwester.pl\/przewodnik\/sylwester-2014-z-tvp-we-wroclawiu-znamy-gwiazdy\/","og_site_name":"Sylwester.pl","article_published_time":"2016-09-19T10:30:00+00:00","article_modified_time":"2023-11-28T22:50:03+00:00","og_image":[{"width":672,"height":353,"url":"https:\/\/www.sylwester.pl\/przewodnik\/wp-content\/uploads\/lemon.jpg","type":"image\/jpeg"}],"author":"Sylwestrowo","twitter_card":"summary_large_image","twitter_misc":{"Napisane przez":"Sylwestrowo","Szacowany czas czytania":"2 minuty"},"schema":{"@context":"https:\/\/schema.org","@graph":[{"@type":"Article","@id":"https:\/\/www.sylwester.pl\/przewodnik\/sylwester-2014-z-tvp-we-wroclawiu-znamy-gwiazdy\/#article","isPartOf":{"@id":"https:\/\/www.sylwester.pl\/przewodnik\/sylwester-2014-z-tvp-we-wroclawiu-znamy-gwiazdy\/"},"author":{"name":"Sylwestrowo","@id":"https:\/\/www.sylwester.pl\/przewodnik\/#\/schema\/person\/5a2dccd53cb782c2c018fd539e75c0a2"},"headline":"Sylwester 2014 z TVP2 we Wroc\u0142awiu \u2014 znamy gwiazdy!","datePublished":"2016-09-19T10:30:00+00:00","dateModified":"2023-11-28T22:50:03+00:00","mainEntityOfPage":{"@id":"https:\/\/www.sylwester.pl\/przewodnik\/sylwester-2014-z-tvp-we-wroclawiu-znamy-gwiazdy\/"},"wordCount":231,"commentCount":3,"publisher":{"@id":"https:\/\/www.sylwester.pl\/przewodnik\/#organization"},"image":{"@id":"https:\/\/www.sylwester.pl\/przewodnik\/sylwester-2014-z-tvp-we-wroclawiu-znamy-gwiazdy\/#primaryimage"},"thumbnailUrl":"https:\/\/www.sylwester.pl\/przewodnik\/wp-content\/uploads\/lemon.jpg","keywords":["Sylwester miejski we Wroc\u0142awiu","Sylwester na rynku we Wroc\u0142awiu","Sylwester z Dw\u00f3jk\u0105"],"articleSection":["Sylwester miejski"],"inLanguage":"pl-PL","potentialAction":[{"@type":"CommentAction","name":"Comment","target":["https:\/\/www.sylwester.pl\/przewodnik\/sylwester-2014-z-tvp-we-wroclawiu-znamy-gwiazdy\/#respond"]}]},{"@type":"WebPage","@id":"https:\/\/www.sylwester.pl\/przewodnik\/sylwester-2014-z-tvp-we-wroclawiu-znamy-gwiazdy\/","url":"https:\/\/www.sylwester.pl\/przewodnik\/sylwester-2014-z-tvp-we-wroclawiu-znamy-gwiazdy\/","name":"Sylwester 2014 z TVP2 we Wroc\u0142awiu \u2014 znamy gwiazdy! - Sylwester.pl","isPartOf":{"@id":"https:\/\/www.sylwester.pl\/przewodnik\/#website"},"primaryImageOfPage":{"@id":"https:\/\/www.sylwester.pl\/przewodnik\/sylwester-2014-z-tvp-we-wroclawiu-znamy-gwiazdy\/#primaryimage"},"image":{"@id":"https:\/\/www.sylwester.pl\/przewodnik\/sylwester-2014-z-tvp-we-wroclawiu-znamy-gwiazdy\/#primaryimage"},"thumbnailUrl":"https:\/\/www.sylwester.pl\/przewodnik\/wp-content\/uploads\/lemon.jpg","datePublished":"2016-09-19T10:30:00+00:00","dateModified":"2023-11-28T22:50:03+00:00","breadcrumb":{"@id":"https:\/\/www.sylwester.pl\/przewodnik\/sylwester-2014-z-tvp-we-wroclawiu-znamy-gwiazdy\/#breadcrumb"},"inLanguage":"pl-PL","potentialAction":[{"@type":"ReadAction","target":["https:\/\/www.sylwester.pl\/przewodnik\/sylwester-2014-z-tvp-we-wroclawiu-znamy-gwiazdy\/"]}]},{"@type":"ImageObject","inLanguage":"pl-PL","@id":"https:\/\/www.sylwester.pl\/przewodnik\/sylwester-2014-z-tvp-we-wroclawiu-znamy-gwiazdy\/#primaryimage","url":"https:\/\/www.sylwester.pl\/przewodnik\/wp-content\/uploads\/lemon.jpg","contentUrl":"https:\/\/www.sylwester.pl\/przewodnik\/wp-content\/uploads\/lemon.jpg","width":672,"height":353,"caption":"Sylwester we Wroc\u0142awiu 2014\/2015 - WymarzonySylwester.pl"},{"@type":"BreadcrumbList","@id":"https:\/\/www.sylwester.pl\/przewodnik\/sylwester-2014-z-tvp-we-wroclawiu-znamy-gwiazdy\/#breadcrumb","itemListElement":[{"@type":"ListItem","position":1,"name":"Strona g\u0142\u00f3wna","item":"https:\/\/www.sylwester.pl\/przewodnik\/"},{"@type":"ListItem","position":2,"name":"Sylwester 2014 z TVP2 we Wroc\u0142awiu \u2014 znamy gwiazdy!"}]},{"@type":"WebSite","@id":"https:\/\/www.sylwester.pl\/przewodnik\/#website","url":"https:\/\/www.sylwester.pl\/przewodnik\/","name":"Sylwester.pl","description":"Sylwester zaczyna si\u0119 tutaj.","publisher":{"@id":"https:\/\/www.sylwester.pl\/przewodnik\/#organization"},"potentialAction":[{"@type":"SearchAction","target":{"@type":"EntryPoint","urlTemplate":"https:\/\/www.sylwester.pl\/przewodnik\/?s={search_term_string}"},"query-input":{"@type":"PropertyValueSpecification","valueRequired":true,"valueName":"search_term_string"}}],"inLanguage":"pl-PL"},{"@type":"Organization","@id":"https:\/\/www.sylwester.pl\/przewodnik\/#organization","name":"Sylwester.pl","url":"https:\/\/www.sylwester.pl\/przewodnik\/","logo":{"@type":"ImageObject","inLanguage":"pl-PL","@id":"https:\/\/www.sylwester.pl\/przewodnik\/#\/schema\/logo\/image\/","url":"https:\/\/www.sylwester.pl\/przewodnik\/wp-content\/uploads\/logo-sylwester.png","contentUrl":"https:\/\/www.sylwester.pl\/przewodnik\/wp-content\/uploads\/logo-sylwester.png","width":177,"height":40,"caption":"Sylwester.pl"},"image":{"@id":"https:\/\/www.sylwester.pl\/przewodnik\/#\/schema\/logo\/image\/"}},{"@type":"Person","@id":"https:\/\/www.sylwester.pl\/przewodnik\/#\/schema\/person\/5a2dccd53cb782c2c018fd539e75c0a2","name":"Sylwestrowo","url":"https:\/\/www.sylwester.pl\/przewodnik\/author\/sylwestrowo\/"}]}},"_links":{"self":[{"href":"https:\/\/www.sylwester.pl\/przewodnik\/wp-json\/wp\/v2\/posts\/60374"}],"collection":[{"href":"https:\/\/www.sylwester.pl\/przewodnik\/wp-json\/wp\/v2\/posts"}],"about":[{"href":"https:\/\/www.sylwester.pl\/przewodnik\/wp-json\/wp\/v2\/types\/post"}],"author":[{"embeddable":true,"href":"https:\/\/www.sylwester.pl\/przewodnik\/wp-json\/wp\/v2\/users\/6"}],"replies":[{"embeddable":true,"href":"https:\/\/www.sylwester.pl\/przewodnik\/wp-json\/wp\/v2\/comments?post=60374"}],"version-history":[{"count":2,"href":"https:\/\/www.sylwester.pl\/przewodnik\/wp-json\/wp\/v2\/posts\/60374\/revisions"}],"predecessor-version":[{"id":61820,"href":"https:\/\/www.sylwester.pl\/przewodnik\/wp-json\/wp\/v2\/posts\/60374\/revisions\/61820"}],"wp:featuredmedia":[{"embeddable":true,"href":"https:\/\/www.sylwester.pl\/przewodnik\/wp-json\/wp\/v2\/media\/56317"}],"wp:attachment":[{"href":"https:\/\/www.sylwester.pl\/przewodnik\/wp-json\/wp\/v2\/media?parent=60374"}],"wp:term":[{"taxonomy":"category","embeddable":true,"href":"https:\/\/www.sylwester.pl\/przewodnik\/wp-json\/wp\/v2\/categories?post=60374"},{"taxonomy":"post_tag","embeddable":true,"href":"https:\/\/www.sylwester.pl\/przewodnik\/wp-json\/wp\/v2\/tags?post=60374"}],"curies":[{"name":"wp","href":"https:\/\/api.w.org\/{rel}","templated":true}]}}