{"id":60350,"date":"2018-09-27T09:00:13","date_gmt":"2018-09-27T09:00:13","guid":{"rendered":"https:\/\/www.sylwester.pl\/przewodnik\/gdanski-sylwester-pod-chmurka-20132014-z-gwiazdami-i-ekologicznie\/"},"modified":"2023-10-18T09:21:36","modified_gmt":"2023-10-18T09:21:36","slug":"gdanski-sylwester-pod-chmurka-20132014-z-gwiazdami-i-ekologicznie","status":"publish","type":"post","link":"https:\/\/www.sylwester.pl\/przewodnik\/gdanski-sylwester-pod-chmurka-20132014-z-gwiazdami-i-ekologicznie\/","title":{"rendered":"Gda\u0144ski sylwester pod chmurk\u0105 2013\/2014 z gwiazdami i ekologicznie"},"content":{"rendered":"<p>\u015awi\u0119towanie w Gda\u0144sku rozpocznie si\u0119 ju\u017c o godzinie 21.30, jak co roku na Targu W\u0119glowym. Scena Muzyczna Gda\u0144skiego Archipelagu Kultury, kt\u00f3ry co roku organizuje Sylwestra zapowiada wiele atrakcji, ale miasto nie zapomina te\u017c o akcencie ekologicznym. Od 31 grudnia do 2 stycznia na Targu <strong>ustawione b\u0119d\u0105 specjalne pojemniki na szk\u0142o<\/strong>, do kt\u00f3rych nale\u017cy wrzuca\u0107 butelki z imieniem, nazwiskiem i numerem telefonu. W\u015br\u00f3d tych, kt\u00f3rzy wezm\u0105 udzia\u0142 w akcji zostan\u0105 rozlosowane atrakcyjne nagrody.<!--more--><\/p>\n<p>Imprez\u0119 w Gda\u0144sku rozpocznie <strong>wyst\u0119p Patrycji Markowskiej<\/strong>, kt\u00f3ra wykona swoje najbardziej popularne utwory. Po niej na scenie pojawi si\u0119 <strong>trio Cascada<\/strong> &#8211; pochodz\u0105ca z Niemiec grupa, kt\u00f3rej taneczne hity podbijaj\u0105 listy przeboj\u00f3w. O p\u00f3\u0142nocy mo\u017cemy spodziewa\u0107 si\u0119 pokazu sztucznych ogni i noworocznych \u017cycze\u0144, a na koniec zabaw\u0119 przechwyci jeden z bardziej cenionych duet\u00f3w DJ-skich, Michael Mind Project, kt\u00f3ry do 1.30 b\u0119dzie bawi\u0142 publiczno\u015b\u0107 energetycznymi brzmieniami z najnowszego albumu \u201eState of Mind\u201d.<\/p>\n<p><iframe loading=\"lazy\" src=\"\/\/www.youtube.com\/embed\/MwEwc3ES97o\" width=\"660\" height=\"360\" frameborder=\"0\" allowfullscreen=\"allowfullscreen\"><\/iframe><\/p>\n","protected":false},"excerpt":{"rendered":"<p>\u015awi\u0119towanie w Gda\u0144sku rozpocznie si\u0119 ju\u017c o godzinie 21.30, jak co roku na Targu W\u0119glowym. Scena Muzyczna Gda\u0144skiego Archipelagu Kultury, kt\u00f3ry co roku organizuje Sylwestra zapowiada wiele atrakcji, ale miasto nie zapomina te\u017c o akcencie ekologicznym. Od 31 grudnia do 2 stycznia na Targu ustawione b\u0119d\u0105 specjalne pojemniki na szk\u0142o, do kt\u00f3rych nale\u017cy wrzuca\u0107 butelki [&hellip;]<\/p>\n","protected":false},"author":6,"featured_media":53708,"comment_status":"open","ping_status":"closed","sticky":false,"template":"","format":"standard","meta":{"footnotes":""},"categories":[109],"tags":[141,232],"class_list":["post-60350","post","type-post","status-publish","format-standard","has-post-thumbnail","hentry","category-sylwester-miejski","tag-gdansk","tag-sylwester-miejski-w-gdansku"],"yoast_head":"<!-- This site is optimized with the Yoast SEO plugin v23.4 - https:\/\/yoast.com\/wordpress\/plugins\/seo\/ -->\n<title>Gda\u0144ski sylwester pod chmurk\u0105 2013\/2014 z gwiazdami i ekologicznie - Sylwester.pl<\/title>\n<meta name=\"robots\" content=\"index, follow, max-snippet:-1, max-image-preview:large, max-video-preview:-1\" \/>\n<link rel=\"canonical\" href=\"https:\/\/www.sylwester.pl\/przewodnik\/gdanski-sylwester-pod-chmurka-20132014-z-gwiazdami-i-ekologicznie\/\" \/>\n<meta property=\"og:locale\" content=\"pl_PL\" \/>\n<meta property=\"og:type\" content=\"article\" \/>\n<meta property=\"og:title\" content=\"Gda\u0144ski sylwester pod chmurk\u0105 2013\/2014 z gwiazdami i ekologicznie - Sylwester.pl\" \/>\n<meta property=\"og:description\" content=\"\u015awi\u0119towanie w Gda\u0144sku rozpocznie si\u0119 ju\u017c o godzinie 21.30, jak co roku na Targu W\u0119glowym. Scena Muzyczna Gda\u0144skiego Archipelagu Kultury, kt\u00f3ry co roku organizuje Sylwestra zapowiada wiele atrakcji, ale miasto nie zapomina te\u017c o akcencie ekologicznym. Od 31 grudnia do 2 stycznia na Targu ustawione b\u0119d\u0105 specjalne pojemniki na szk\u0142o, do kt\u00f3rych nale\u017cy wrzuca\u0107 butelki [&hellip;]\" \/>\n<meta property=\"og:url\" content=\"https:\/\/www.sylwester.pl\/przewodnik\/gdanski-sylwester-pod-chmurka-20132014-z-gwiazdami-i-ekologicznie\/\" \/>\n<meta property=\"og:site_name\" content=\"Sylwester.pl\" \/>\n<meta property=\"article:published_time\" content=\"2018-09-27T09:00:13+00:00\" \/>\n<meta property=\"article:modified_time\" content=\"2023-10-18T09:21:36+00:00\" \/>\n<meta property=\"og:image\" content=\"https:\/\/www.sylwester.pl\/przewodnik\/wp-content\/uploads\/sylwester-w-gdansku-wymarzonysylwester-e1538038809749.jpg\" \/>\n\t<meta property=\"og:image:width\" content=\"610\" \/>\n\t<meta property=\"og:image:height\" content=\"291\" \/>\n\t<meta property=\"og:image:type\" content=\"image\/jpeg\" \/>\n<meta name=\"author\" content=\"Sylwestrowo\" \/>\n<meta name=\"twitter:card\" content=\"summary_large_image\" \/>\n<meta name=\"twitter:label1\" content=\"Napisane przez\" \/>\n\t<meta name=\"twitter:data1\" content=\"Sylwestrowo\" \/>\n\t<meta name=\"twitter:label2\" content=\"Szacowany czas czytania\" \/>\n\t<meta name=\"twitter:data2\" content=\"1 minuta\" \/>\n<script type=\"application\/ld+json\" class=\"yoast-schema-graph\">{\"@context\":\"https:\/\/schema.org\",\"@graph\":[{\"@type\":\"Article\",\"@id\":\"https:\/\/www.sylwester.pl\/przewodnik\/gdanski-sylwester-pod-chmurka-20132014-z-gwiazdami-i-ekologicznie\/#article\",\"isPartOf\":{\"@id\":\"https:\/\/www.sylwester.pl\/przewodnik\/gdanski-sylwester-pod-chmurka-20132014-z-gwiazdami-i-ekologicznie\/\"},\"author\":{\"name\":\"Sylwestrowo\",\"@id\":\"https:\/\/www.sylwester.pl\/przewodnik\/#\/schema\/person\/5a2dccd53cb782c2c018fd539e75c0a2\"},\"headline\":\"Gda\u0144ski sylwester pod chmurk\u0105 2013\/2014 z gwiazdami i ekologicznie\",\"datePublished\":\"2018-09-27T09:00:13+00:00\",\"dateModified\":\"2023-10-18T09:21:36+00:00\",\"mainEntityOfPage\":{\"@id\":\"https:\/\/www.sylwester.pl\/przewodnik\/gdanski-sylwester-pod-chmurka-20132014-z-gwiazdami-i-ekologicznie\/\"},\"wordCount\":171,\"commentCount\":0,\"publisher\":{\"@id\":\"https:\/\/www.sylwester.pl\/przewodnik\/#organization\"},\"image\":{\"@id\":\"https:\/\/www.sylwester.pl\/przewodnik\/gdanski-sylwester-pod-chmurka-20132014-z-gwiazdami-i-ekologicznie\/#primaryimage\"},\"thumbnailUrl\":\"https:\/\/www.sylwester.pl\/przewodnik\/wp-content\/uploads\/sylwester-w-gdansku-wymarzonysylwester-e1538038809749.jpg\",\"keywords\":[\"Gda\u0144sk\",\"Sylwester miejski w Gda\u0144sku\"],\"articleSection\":[\"Sylwester miejski\"],\"inLanguage\":\"pl-PL\",\"potentialAction\":[{\"@type\":\"CommentAction\",\"name\":\"Comment\",\"target\":[\"https:\/\/www.sylwester.pl\/przewodnik\/gdanski-sylwester-pod-chmurka-20132014-z-gwiazdami-i-ekologicznie\/#respond\"]}]},{\"@type\":\"WebPage\",\"@id\":\"https:\/\/www.sylwester.pl\/przewodnik\/gdanski-sylwester-pod-chmurka-20132014-z-gwiazdami-i-ekologicznie\/\",\"url\":\"https:\/\/www.sylwester.pl\/przewodnik\/gdanski-sylwester-pod-chmurka-20132014-z-gwiazdami-i-ekologicznie\/\",\"name\":\"Gda\u0144ski sylwester pod chmurk\u0105 2013\/2014 z gwiazdami i ekologicznie - Sylwester.pl\",\"isPartOf\":{\"@id\":\"https:\/\/www.sylwester.pl\/przewodnik\/#website\"},\"primaryImageOfPage\":{\"@id\":\"https:\/\/www.sylwester.pl\/przewodnik\/gdanski-sylwester-pod-chmurka-20132014-z-gwiazdami-i-ekologicznie\/#primaryimage\"},\"image\":{\"@id\":\"https:\/\/www.sylwester.pl\/przewodnik\/gdanski-sylwester-pod-chmurka-20132014-z-gwiazdami-i-ekologicznie\/#primaryimage\"},\"thumbnailUrl\":\"https:\/\/www.sylwester.pl\/przewodnik\/wp-content\/uploads\/sylwester-w-gdansku-wymarzonysylwester-e1538038809749.jpg\",\"datePublished\":\"2018-09-27T09:00:13+00:00\",\"dateModified\":\"2023-10-18T09:21:36+00:00\",\"breadcrumb\":{\"@id\":\"https:\/\/www.sylwester.pl\/przewodnik\/gdanski-sylwester-pod-chmurka-20132014-z-gwiazdami-i-ekologicznie\/#breadcrumb\"},\"inLanguage\":\"pl-PL\",\"potentialAction\":[{\"@type\":\"ReadAction\",\"target\":[\"https:\/\/www.sylwester.pl\/przewodnik\/gdanski-sylwester-pod-chmurka-20132014-z-gwiazdami-i-ekologicznie\/\"]}]},{\"@type\":\"ImageObject\",\"inLanguage\":\"pl-PL\",\"@id\":\"https:\/\/www.sylwester.pl\/przewodnik\/gdanski-sylwester-pod-chmurka-20132014-z-gwiazdami-i-ekologicznie\/#primaryimage\",\"url\":\"https:\/\/www.sylwester.pl\/przewodnik\/wp-content\/uploads\/sylwester-w-gdansku-wymarzonysylwester-e1538038809749.jpg\",\"contentUrl\":\"https:\/\/www.sylwester.pl\/przewodnik\/wp-content\/uploads\/sylwester-w-gdansku-wymarzonysylwester-e1538038809749.jpg\",\"width\":610,\"height\":291,\"caption\":\"Sylwester w Gda\u0144sku - WymarzonySylwester.pl\"},{\"@type\":\"BreadcrumbList\",\"@id\":\"https:\/\/www.sylwester.pl\/przewodnik\/gdanski-sylwester-pod-chmurka-20132014-z-gwiazdami-i-ekologicznie\/#breadcrumb\",\"itemListElement\":[{\"@type\":\"ListItem\",\"position\":1,\"name\":\"Strona g\u0142\u00f3wna\",\"item\":\"https:\/\/www.sylwester.pl\/przewodnik\/\"},{\"@type\":\"ListItem\",\"position\":2,\"name\":\"Gda\u0144ski sylwester pod chmurk\u0105 2013\/2014 z gwiazdami i ekologicznie\"}]},{\"@type\":\"WebSite\",\"@id\":\"https:\/\/www.sylwester.pl\/przewodnik\/#website\",\"url\":\"https:\/\/www.sylwester.pl\/przewodnik\/\",\"name\":\"Sylwester.pl\",\"description\":\"Sylwester zaczyna si\u0119 tutaj.\",\"publisher\":{\"@id\":\"https:\/\/www.sylwester.pl\/przewodnik\/#organization\"},\"potentialAction\":[{\"@type\":\"SearchAction\",\"target\":{\"@type\":\"EntryPoint\",\"urlTemplate\":\"https:\/\/www.sylwester.pl\/przewodnik\/?s={search_term_string}\"},\"query-input\":{\"@type\":\"PropertyValueSpecification\",\"valueRequired\":true,\"valueName\":\"search_term_string\"}}],\"inLanguage\":\"pl-PL\"},{\"@type\":\"Organization\",\"@id\":\"https:\/\/www.sylwester.pl\/przewodnik\/#organization\",\"name\":\"Sylwester.pl\",\"url\":\"https:\/\/www.sylwester.pl\/przewodnik\/\",\"logo\":{\"@type\":\"ImageObject\",\"inLanguage\":\"pl-PL\",\"@id\":\"https:\/\/www.sylwester.pl\/przewodnik\/#\/schema\/logo\/image\/\",\"url\":\"https:\/\/www.sylwester.pl\/przewodnik\/wp-content\/uploads\/logo-sylwester.png\",\"contentUrl\":\"https:\/\/www.sylwester.pl\/przewodnik\/wp-content\/uploads\/logo-sylwester.png\",\"width\":177,\"height\":40,\"caption\":\"Sylwester.pl\"},\"image\":{\"@id\":\"https:\/\/www.sylwester.pl\/przewodnik\/#\/schema\/logo\/image\/\"}},{\"@type\":\"Person\",\"@id\":\"https:\/\/www.sylwester.pl\/przewodnik\/#\/schema\/person\/5a2dccd53cb782c2c018fd539e75c0a2\",\"name\":\"Sylwestrowo\",\"url\":\"https:\/\/www.sylwester.pl\/przewodnik\/author\/sylwestrowo\/\"}]}<\/script>\n<!-- \/ Yoast SEO plugin. -->","yoast_head_json":{"title":"Gda\u0144ski sylwester pod chmurk\u0105 2013\/2014 z gwiazdami i ekologicznie - Sylwester.pl","robots":{"index":"index","follow":"follow","max-snippet":"max-snippet:-1","max-image-preview":"max-image-preview:large","max-video-preview":"max-video-preview:-1"},"canonical":"https:\/\/www.sylwester.pl\/przewodnik\/gdanski-sylwester-pod-chmurka-20132014-z-gwiazdami-i-ekologicznie\/","og_locale":"pl_PL","og_type":"article","og_title":"Gda\u0144ski sylwester pod chmurk\u0105 2013\/2014 z gwiazdami i ekologicznie - Sylwester.pl","og_description":"\u015awi\u0119towanie w Gda\u0144sku rozpocznie si\u0119 ju\u017c o godzinie 21.30, jak co roku na Targu W\u0119glowym. Scena Muzyczna Gda\u0144skiego Archipelagu Kultury, kt\u00f3ry co roku organizuje Sylwestra zapowiada wiele atrakcji, ale miasto nie zapomina te\u017c o akcencie ekologicznym. Od 31 grudnia do 2 stycznia na Targu ustawione b\u0119d\u0105 specjalne pojemniki na szk\u0142o, do kt\u00f3rych nale\u017cy wrzuca\u0107 butelki [&hellip;]","og_url":"https:\/\/www.sylwester.pl\/przewodnik\/gdanski-sylwester-pod-chmurka-20132014-z-gwiazdami-i-ekologicznie\/","og_site_name":"Sylwester.pl","article_published_time":"2018-09-27T09:00:13+00:00","article_modified_time":"2023-10-18T09:21:36+00:00","og_image":[{"width":610,"height":291,"url":"https:\/\/www.sylwester.pl\/przewodnik\/wp-content\/uploads\/sylwester-w-gdansku-wymarzonysylwester-e1538038809749.jpg","type":"image\/jpeg"}],"author":"Sylwestrowo","twitter_card":"summary_large_image","twitter_misc":{"Napisane przez":"Sylwestrowo","Szacowany czas czytania":"1 minuta"},"schema":{"@context":"https:\/\/schema.org","@graph":[{"@type":"Article","@id":"https:\/\/www.sylwester.pl\/przewodnik\/gdanski-sylwester-pod-chmurka-20132014-z-gwiazdami-i-ekologicznie\/#article","isPartOf":{"@id":"https:\/\/www.sylwester.pl\/przewodnik\/gdanski-sylwester-pod-chmurka-20132014-z-gwiazdami-i-ekologicznie\/"},"author":{"name":"Sylwestrowo","@id":"https:\/\/www.sylwester.pl\/przewodnik\/#\/schema\/person\/5a2dccd53cb782c2c018fd539e75c0a2"},"headline":"Gda\u0144ski sylwester pod chmurk\u0105 2013\/2014 z gwiazdami i ekologicznie","datePublished":"2018-09-27T09:00:13+00:00","dateModified":"2023-10-18T09:21:36+00:00","mainEntityOfPage":{"@id":"https:\/\/www.sylwester.pl\/przewodnik\/gdanski-sylwester-pod-chmurka-20132014-z-gwiazdami-i-ekologicznie\/"},"wordCount":171,"commentCount":0,"publisher":{"@id":"https:\/\/www.sylwester.pl\/przewodnik\/#organization"},"image":{"@id":"https:\/\/www.sylwester.pl\/przewodnik\/gdanski-sylwester-pod-chmurka-20132014-z-gwiazdami-i-ekologicznie\/#primaryimage"},"thumbnailUrl":"https:\/\/www.sylwester.pl\/przewodnik\/wp-content\/uploads\/sylwester-w-gdansku-wymarzonysylwester-e1538038809749.jpg","keywords":["Gda\u0144sk","Sylwester miejski w Gda\u0144sku"],"articleSection":["Sylwester miejski"],"inLanguage":"pl-PL","potentialAction":[{"@type":"CommentAction","name":"Comment","target":["https:\/\/www.sylwester.pl\/przewodnik\/gdanski-sylwester-pod-chmurka-20132014-z-gwiazdami-i-ekologicznie\/#respond"]}]},{"@type":"WebPage","@id":"https:\/\/www.sylwester.pl\/przewodnik\/gdanski-sylwester-pod-chmurka-20132014-z-gwiazdami-i-ekologicznie\/","url":"https:\/\/www.sylwester.pl\/przewodnik\/gdanski-sylwester-pod-chmurka-20132014-z-gwiazdami-i-ekologicznie\/","name":"Gda\u0144ski sylwester pod chmurk\u0105 2013\/2014 z gwiazdami i ekologicznie - Sylwester.pl","isPartOf":{"@id":"https:\/\/www.sylwester.pl\/przewodnik\/#website"},"primaryImageOfPage":{"@id":"https:\/\/www.sylwester.pl\/przewodnik\/gdanski-sylwester-pod-chmurka-20132014-z-gwiazdami-i-ekologicznie\/#primaryimage"},"image":{"@id":"https:\/\/www.sylwester.pl\/przewodnik\/gdanski-sylwester-pod-chmurka-20132014-z-gwiazdami-i-ekologicznie\/#primaryimage"},"thumbnailUrl":"https:\/\/www.sylwester.pl\/przewodnik\/wp-content\/uploads\/sylwester-w-gdansku-wymarzonysylwester-e1538038809749.jpg","datePublished":"2018-09-27T09:00:13+00:00","dateModified":"2023-10-18T09:21:36+00:00","breadcrumb":{"@id":"https:\/\/www.sylwester.pl\/przewodnik\/gdanski-sylwester-pod-chmurka-20132014-z-gwiazdami-i-ekologicznie\/#breadcrumb"},"inLanguage":"pl-PL","potentialAction":[{"@type":"ReadAction","target":["https:\/\/www.sylwester.pl\/przewodnik\/gdanski-sylwester-pod-chmurka-20132014-z-gwiazdami-i-ekologicznie\/"]}]},{"@type":"ImageObject","inLanguage":"pl-PL","@id":"https:\/\/www.sylwester.pl\/przewodnik\/gdanski-sylwester-pod-chmurka-20132014-z-gwiazdami-i-ekologicznie\/#primaryimage","url":"https:\/\/www.sylwester.pl\/przewodnik\/wp-content\/uploads\/sylwester-w-gdansku-wymarzonysylwester-e1538038809749.jpg","contentUrl":"https:\/\/www.sylwester.pl\/przewodnik\/wp-content\/uploads\/sylwester-w-gdansku-wymarzonysylwester-e1538038809749.jpg","width":610,"height":291,"caption":"Sylwester w Gda\u0144sku - WymarzonySylwester.pl"},{"@type":"BreadcrumbList","@id":"https:\/\/www.sylwester.pl\/przewodnik\/gdanski-sylwester-pod-chmurka-20132014-z-gwiazdami-i-ekologicznie\/#breadcrumb","itemListElement":[{"@type":"ListItem","position":1,"name":"Strona g\u0142\u00f3wna","item":"https:\/\/www.sylwester.pl\/przewodnik\/"},{"@type":"ListItem","position":2,"name":"Gda\u0144ski sylwester pod chmurk\u0105 2013\/2014 z gwiazdami i ekologicznie"}]},{"@type":"WebSite","@id":"https:\/\/www.sylwester.pl\/przewodnik\/#website","url":"https:\/\/www.sylwester.pl\/przewodnik\/","name":"Sylwester.pl","description":"Sylwester zaczyna si\u0119 tutaj.","publisher":{"@id":"https:\/\/www.sylwester.pl\/przewodnik\/#organization"},"potentialAction":[{"@type":"SearchAction","target":{"@type":"EntryPoint","urlTemplate":"https:\/\/www.sylwester.pl\/przewodnik\/?s={search_term_string}"},"query-input":{"@type":"PropertyValueSpecification","valueRequired":true,"valueName":"search_term_string"}}],"inLanguage":"pl-PL"},{"@type":"Organization","@id":"https:\/\/www.sylwester.pl\/przewodnik\/#organization","name":"Sylwester.pl","url":"https:\/\/www.sylwester.pl\/przewodnik\/","logo":{"@type":"ImageObject","inLanguage":"pl-PL","@id":"https:\/\/www.sylwester.pl\/przewodnik\/#\/schema\/logo\/image\/","url":"https:\/\/www.sylwester.pl\/przewodnik\/wp-content\/uploads\/logo-sylwester.png","contentUrl":"https:\/\/www.sylwester.pl\/przewodnik\/wp-content\/uploads\/logo-sylwester.png","width":177,"height":40,"caption":"Sylwester.pl"},"image":{"@id":"https:\/\/www.sylwester.pl\/przewodnik\/#\/schema\/logo\/image\/"}},{"@type":"Person","@id":"https:\/\/www.sylwester.pl\/przewodnik\/#\/schema\/person\/5a2dccd53cb782c2c018fd539e75c0a2","name":"Sylwestrowo","url":"https:\/\/www.sylwester.pl\/przewodnik\/author\/sylwestrowo\/"}]}},"_links":{"self":[{"href":"https:\/\/www.sylwester.pl\/przewodnik\/wp-json\/wp\/v2\/posts\/60350"}],"collection":[{"href":"https:\/\/www.sylwester.pl\/przewodnik\/wp-json\/wp\/v2\/posts"}],"about":[{"href":"https:\/\/www.sylwester.pl\/przewodnik\/wp-json\/wp\/v2\/types\/post"}],"author":[{"embeddable":true,"href":"https:\/\/www.sylwester.pl\/przewodnik\/wp-json\/wp\/v2\/users\/6"}],"replies":[{"embeddable":true,"href":"https:\/\/www.sylwester.pl\/przewodnik\/wp-json\/wp\/v2\/comments?post=60350"}],"version-history":[{"count":1,"href":"https:\/\/www.sylwester.pl\/przewodnik\/wp-json\/wp\/v2\/posts\/60350\/revisions"}],"predecessor-version":[{"id":60888,"href":"https:\/\/www.sylwester.pl\/przewodnik\/wp-json\/wp\/v2\/posts\/60350\/revisions\/60888"}],"wp:featuredmedia":[{"embeddable":true,"href":"https:\/\/www.sylwester.pl\/przewodnik\/wp-json\/wp\/v2\/media\/53708"}],"wp:attachment":[{"href":"https:\/\/www.sylwester.pl\/przewodnik\/wp-json\/wp\/v2\/media?parent=60350"}],"wp:term":[{"taxonomy":"category","embeddable":true,"href":"https:\/\/www.sylwester.pl\/przewodnik\/wp-json\/wp\/v2\/categories?post=60350"},{"taxonomy":"post_tag","embeddable":true,"href":"https:\/\/www.sylwester.pl\/przewodnik\/wp-json\/wp\/v2\/tags?post=60350"}],"curies":[{"name":"wp","href":"https:\/\/api.w.org\/{rel}","templated":true}]}}