{"id":60340,"date":"2018-09-27T09:01:57","date_gmt":"2018-09-27T09:01:57","guid":{"rendered":"https:\/\/www.sylwester.pl\/przewodnik\/bialystok-swietuje-z-ewa-farna-sylwester-miejski-20132014\/"},"modified":"2023-10-18T09:21:32","modified_gmt":"2023-10-18T09:21:32","slug":"bialystok-swietuje-z-ewa-farna-sylwester-miejski-20132014","status":"publish","type":"post","link":"https:\/\/www.sylwester.pl\/przewodnik\/bialystok-swietuje-z-ewa-farna-sylwester-miejski-20132014\/","title":{"rendered":"Bia\u0142ystok \u015bwi\u0119tuje z Ew\u0105 Farn\u0105 &#8211; Sylwester miejski 2013\/2014"},"content":{"rendered":"<p>Sylwester w Bia\u0142ymstoku jak co roku organizuje Bia\u0142ostocki O\u015brodek kultury. W tym roku organizatorzy postanowili postara\u0107 si\u0119 szczeg\u00f3lnie, \u017ceby spe\u0142ni\u0107 oczekiwania rzeszy m\u0142odych Bia\u0142ostocczan, kt\u00f3rzy co roku t\u0142umnie przychodz\u0105 na Rynek Ko\u015bciuszki.<!--more--><\/p>\n<p>W samym \u015brodku sylwestrowej zabawy za\u015bpiewa m\u0142oda wokalistka o polsko-czeskich korzeniach \u2013 <strong>Ewa Farna<\/strong>. Piosenkarka zadebiutowa\u0142a na polskim rynku wieku 14 lat p\u0142yt\u0105 \u201eSam na sam\u201d i od razu podbi\u0142a serca s\u0142uchaczy swoim mocnym g\u0142osem i rockowym pazurem. Kolejne p\u0142yty spotyka\u0142y si\u0119 z bardzo dobrym przyj\u0119ciem, o czym mog\u0105 \u015bwiadczy\u0107 nagrody, jakie zdoby\u0142a Farna (statuetka Superjedynki, nagroda VIVA Comet Awards i Eska Music Awards ). Podziwiana za niezwyk\u0142\u0105, m\u0142odzie\u0144cza energi\u0119, dobre aran\u017cacje i \u015bwietny g\u0142os <strong>wokalistka u\u015bwietni zabaw\u0119 w Bia\u0142ymstoku<\/strong>.<\/p>\n<p>Pod ratuszem wyst\u0105pi r\u00f3wnie\u017c <strong>Ania Rusowicz<\/strong>.<\/p>\n<p><iframe loading=\"lazy\" src=\"\/\/www.youtube.com\/embed\/sfcS-vWCDIU\" width=\"660\" height=\"360\" frameborder=\"0\" allowfullscreen=\"allowfullscreen\"><\/iframe><\/p>\n<p>Dla tych, kt\u00f3rych muzyka pop nie porywa i kt\u00f3rzy wol\u0105 pi\u0119kne, symfoniczne brzmienia BOK postara\u0142 si\u0119 o zgo\u0142a inn\u0105 propozycj\u0119 &#8211; o godzinie 20.00 w sali kina Forum odb\u0119dzie si\u0119 Galowy Koncert Sylwestrowy. W programie utwory Mozarta, Verdiego, Kalmana, Lehara i oczywi\u015bcie Straussa. Na pewno nie zabraknie Marszy Radetzky&#8217;ego, kt\u00f3ry tradycyjnie grany jest na koncercie noworocznym w Wiedniu. Dzie\u0142a us\u0142yszymy w spektakularnych wykonaniach Agnieszki Schwebler-Tomaszewskiej (solistki Teatru Wielkiego &#8211; Opery Narodowej w Warszawie), Hanny R\u00f3\u017cankiewicz (\u015bpiewaczki opery bia\u0142ostockiej) oraz tenora Tomasza Krzysica (solisty Warszawskiej Opery Kameralnej). \u015apiewakom towarzyszy\u0107 b\u0119dzie Podlaska Orkiestra salonowa pod dyrekcj\u0105 Kazimierza D\u0105browskiego (dyrektora artystycznego Suwalskiej Opery Kameralnej).<\/p>\n<p>O p\u00f3\u0142nocy mo\u017cna spodziewa\u0107 si\u0119 <strong>pokazu fajerwerk\u00f3w<\/strong>, do kt\u00f3rego w tym roku do\u0142o\u017cono szczeg\u00f3lnych stara\u0144 i <strong>zwyczajowych \u017cycze\u0144 od w\u0142adz miasta<\/strong>. Ca\u0142o\u015b\u0107 miejskiego sylwestra b\u0119dzie kosztowa\u0142a 250 tysi\u0119cy z\u0142otych, wi\u0119c zabawa na pewno b\u0119dzie szampa\u0144ska!<\/p>\n<p><iframe loading=\"lazy\" src=\"\/\/www.youtube.com\/embed\/7im63Q-KvF8\" width=\"660\" height=\"360\" frameborder=\"0\"><\/iframe><\/p>\n","protected":false},"excerpt":{"rendered":"<p>Sylwester w Bia\u0142ymstoku jak co roku organizuje Bia\u0142ostocki O\u015brodek kultury. W tym roku organizatorzy postanowili postara\u0107 si\u0119 szczeg\u00f3lnie, \u017ceby spe\u0142ni\u0107 oczekiwania rzeszy m\u0142odych Bia\u0142ostocczan, kt\u00f3rzy co roku t\u0142umnie przychodz\u0105 na Rynek Ko\u015bciuszki.<\/p>\n","protected":false},"author":6,"featured_media":53052,"comment_status":"open","ping_status":"closed","sticky":false,"template":"","format":"standard","meta":{"footnotes":""},"categories":[109],"tags":[123,228,265],"class_list":["post-60340","post","type-post","status-publish","format-standard","has-post-thumbnail","hentry","category-sylwester-miejski","tag-bialystok","tag-sylwester-miejski-w-bialymstoku","tag-sylwester-na-rynku-w-bialymstoku"],"yoast_head":"<!-- This site is optimized with the Yoast SEO plugin v23.4 - https:\/\/yoast.com\/wordpress\/plugins\/seo\/ -->\n<title>Bia\u0142ystok \u015bwi\u0119tuje z Ew\u0105 Farn\u0105 - Sylwester miejski 2013\/2014 - Sylwester.pl<\/title>\n<meta name=\"robots\" content=\"index, follow, max-snippet:-1, max-image-preview:large, max-video-preview:-1\" \/>\n<link rel=\"canonical\" href=\"https:\/\/www.sylwester.pl\/przewodnik\/bialystok-swietuje-z-ewa-farna-sylwester-miejski-20132014\/\" \/>\n<meta property=\"og:locale\" content=\"pl_PL\" \/>\n<meta property=\"og:type\" content=\"article\" \/>\n<meta property=\"og:title\" content=\"Bia\u0142ystok \u015bwi\u0119tuje z Ew\u0105 Farn\u0105 - Sylwester miejski 2013\/2014 - Sylwester.pl\" \/>\n<meta property=\"og:description\" content=\"Sylwester w Bia\u0142ymstoku jak co roku organizuje Bia\u0142ostocki O\u015brodek kultury. W tym roku organizatorzy postanowili postara\u0107 si\u0119 szczeg\u00f3lnie, \u017ceby spe\u0142ni\u0107 oczekiwania rzeszy m\u0142odych Bia\u0142ostocczan, kt\u00f3rzy co roku t\u0142umnie przychodz\u0105 na Rynek Ko\u015bciuszki.\" \/>\n<meta property=\"og:url\" content=\"https:\/\/www.sylwester.pl\/przewodnik\/bialystok-swietuje-z-ewa-farna-sylwester-miejski-20132014\/\" \/>\n<meta property=\"og:site_name\" content=\"Sylwester.pl\" \/>\n<meta property=\"article:published_time\" content=\"2018-09-27T09:01:57+00:00\" \/>\n<meta property=\"article:modified_time\" content=\"2023-10-18T09:21:32+00:00\" \/>\n<meta property=\"og:image\" content=\"https:\/\/www.sylwester.pl\/przewodnik\/wp-content\/uploads\/sylwester-bialystok-z-farna-wymarzonysylwester_2-e1538038912334.jpg\" \/>\n\t<meta property=\"og:image:width\" content=\"895\" \/>\n\t<meta property=\"og:image:height\" content=\"441\" \/>\n\t<meta property=\"og:image:type\" content=\"image\/jpeg\" \/>\n<meta name=\"author\" content=\"Sylwestrowo\" \/>\n<meta name=\"twitter:card\" content=\"summary_large_image\" \/>\n<meta name=\"twitter:label1\" content=\"Napisane przez\" \/>\n\t<meta name=\"twitter:data1\" content=\"Sylwestrowo\" \/>\n\t<meta name=\"twitter:label2\" content=\"Szacowany czas czytania\" \/>\n\t<meta name=\"twitter:data2\" content=\"2 minuty\" \/>\n<script type=\"application\/ld+json\" class=\"yoast-schema-graph\">{\"@context\":\"https:\/\/schema.org\",\"@graph\":[{\"@type\":\"Article\",\"@id\":\"https:\/\/www.sylwester.pl\/przewodnik\/bialystok-swietuje-z-ewa-farna-sylwester-miejski-20132014\/#article\",\"isPartOf\":{\"@id\":\"https:\/\/www.sylwester.pl\/przewodnik\/bialystok-swietuje-z-ewa-farna-sylwester-miejski-20132014\/\"},\"author\":{\"name\":\"Sylwestrowo\",\"@id\":\"https:\/\/www.sylwester.pl\/przewodnik\/#\/schema\/person\/5a2dccd53cb782c2c018fd539e75c0a2\"},\"headline\":\"Bia\u0142ystok \u015bwi\u0119tuje z Ew\u0105 Farn\u0105 &#8211; Sylwester miejski 2013\/2014\",\"datePublished\":\"2018-09-27T09:01:57+00:00\",\"dateModified\":\"2023-10-18T09:21:32+00:00\",\"mainEntityOfPage\":{\"@id\":\"https:\/\/www.sylwester.pl\/przewodnik\/bialystok-swietuje-z-ewa-farna-sylwester-miejski-20132014\/\"},\"wordCount\":317,\"commentCount\":1,\"publisher\":{\"@id\":\"https:\/\/www.sylwester.pl\/przewodnik\/#organization\"},\"image\":{\"@id\":\"https:\/\/www.sylwester.pl\/przewodnik\/bialystok-swietuje-z-ewa-farna-sylwester-miejski-20132014\/#primaryimage\"},\"thumbnailUrl\":\"https:\/\/www.sylwester.pl\/przewodnik\/wp-content\/uploads\/sylwester-bialystok-z-farna-wymarzonysylwester_2-e1538038912334.jpg\",\"keywords\":[\"Bia\u0142ystok\",\"Sylwester miejski w Bia\u0142ymstoku\",\"Sylwester na rynku w Bia\u0142ymstoku\"],\"articleSection\":[\"Sylwester miejski\"],\"inLanguage\":\"pl-PL\",\"potentialAction\":[{\"@type\":\"CommentAction\",\"name\":\"Comment\",\"target\":[\"https:\/\/www.sylwester.pl\/przewodnik\/bialystok-swietuje-z-ewa-farna-sylwester-miejski-20132014\/#respond\"]}]},{\"@type\":\"WebPage\",\"@id\":\"https:\/\/www.sylwester.pl\/przewodnik\/bialystok-swietuje-z-ewa-farna-sylwester-miejski-20132014\/\",\"url\":\"https:\/\/www.sylwester.pl\/przewodnik\/bialystok-swietuje-z-ewa-farna-sylwester-miejski-20132014\/\",\"name\":\"Bia\u0142ystok \u015bwi\u0119tuje z Ew\u0105 Farn\u0105 - Sylwester miejski 2013\/2014 - Sylwester.pl\",\"isPartOf\":{\"@id\":\"https:\/\/www.sylwester.pl\/przewodnik\/#website\"},\"primaryImageOfPage\":{\"@id\":\"https:\/\/www.sylwester.pl\/przewodnik\/bialystok-swietuje-z-ewa-farna-sylwester-miejski-20132014\/#primaryimage\"},\"image\":{\"@id\":\"https:\/\/www.sylwester.pl\/przewodnik\/bialystok-swietuje-z-ewa-farna-sylwester-miejski-20132014\/#primaryimage\"},\"thumbnailUrl\":\"https:\/\/www.sylwester.pl\/przewodnik\/wp-content\/uploads\/sylwester-bialystok-z-farna-wymarzonysylwester_2-e1538038912334.jpg\",\"datePublished\":\"2018-09-27T09:01:57+00:00\",\"dateModified\":\"2023-10-18T09:21:32+00:00\",\"breadcrumb\":{\"@id\":\"https:\/\/www.sylwester.pl\/przewodnik\/bialystok-swietuje-z-ewa-farna-sylwester-miejski-20132014\/#breadcrumb\"},\"inLanguage\":\"pl-PL\",\"potentialAction\":[{\"@type\":\"ReadAction\",\"target\":[\"https:\/\/www.sylwester.pl\/przewodnik\/bialystok-swietuje-z-ewa-farna-sylwester-miejski-20132014\/\"]}]},{\"@type\":\"ImageObject\",\"inLanguage\":\"pl-PL\",\"@id\":\"https:\/\/www.sylwester.pl\/przewodnik\/bialystok-swietuje-z-ewa-farna-sylwester-miejski-20132014\/#primaryimage\",\"url\":\"https:\/\/www.sylwester.pl\/przewodnik\/wp-content\/uploads\/sylwester-bialystok-z-farna-wymarzonysylwester_2-e1538038912334.jpg\",\"contentUrl\":\"https:\/\/www.sylwester.pl\/przewodnik\/wp-content\/uploads\/sylwester-bialystok-z-farna-wymarzonysylwester_2-e1538038912334.jpg\",\"width\":895,\"height\":441,\"caption\":\"Sylwester w Bia\u0142ymstoku z Ew\u0105 Farn\u0105 - WymarzonySylwester.pl\"},{\"@type\":\"BreadcrumbList\",\"@id\":\"https:\/\/www.sylwester.pl\/przewodnik\/bialystok-swietuje-z-ewa-farna-sylwester-miejski-20132014\/#breadcrumb\",\"itemListElement\":[{\"@type\":\"ListItem\",\"position\":1,\"name\":\"Strona g\u0142\u00f3wna\",\"item\":\"https:\/\/www.sylwester.pl\/przewodnik\/\"},{\"@type\":\"ListItem\",\"position\":2,\"name\":\"Bia\u0142ystok \u015bwi\u0119tuje z Ew\u0105 Farn\u0105 &#8211; Sylwester miejski 2013\/2014\"}]},{\"@type\":\"WebSite\",\"@id\":\"https:\/\/www.sylwester.pl\/przewodnik\/#website\",\"url\":\"https:\/\/www.sylwester.pl\/przewodnik\/\",\"name\":\"Sylwester.pl\",\"description\":\"Sylwester zaczyna si\u0119 tutaj.\",\"publisher\":{\"@id\":\"https:\/\/www.sylwester.pl\/przewodnik\/#organization\"},\"potentialAction\":[{\"@type\":\"SearchAction\",\"target\":{\"@type\":\"EntryPoint\",\"urlTemplate\":\"https:\/\/www.sylwester.pl\/przewodnik\/?s={search_term_string}\"},\"query-input\":{\"@type\":\"PropertyValueSpecification\",\"valueRequired\":true,\"valueName\":\"search_term_string\"}}],\"inLanguage\":\"pl-PL\"},{\"@type\":\"Organization\",\"@id\":\"https:\/\/www.sylwester.pl\/przewodnik\/#organization\",\"name\":\"Sylwester.pl\",\"url\":\"https:\/\/www.sylwester.pl\/przewodnik\/\",\"logo\":{\"@type\":\"ImageObject\",\"inLanguage\":\"pl-PL\",\"@id\":\"https:\/\/www.sylwester.pl\/przewodnik\/#\/schema\/logo\/image\/\",\"url\":\"https:\/\/www.sylwester.pl\/przewodnik\/wp-content\/uploads\/logo-sylwester.png\",\"contentUrl\":\"https:\/\/www.sylwester.pl\/przewodnik\/wp-content\/uploads\/logo-sylwester.png\",\"width\":177,\"height\":40,\"caption\":\"Sylwester.pl\"},\"image\":{\"@id\":\"https:\/\/www.sylwester.pl\/przewodnik\/#\/schema\/logo\/image\/\"}},{\"@type\":\"Person\",\"@id\":\"https:\/\/www.sylwester.pl\/przewodnik\/#\/schema\/person\/5a2dccd53cb782c2c018fd539e75c0a2\",\"name\":\"Sylwestrowo\",\"url\":\"https:\/\/www.sylwester.pl\/przewodnik\/author\/sylwestrowo\/\"}]}<\/script>\n<!-- \/ Yoast SEO plugin. -->","yoast_head_json":{"title":"Bia\u0142ystok \u015bwi\u0119tuje z Ew\u0105 Farn\u0105 - Sylwester miejski 2013\/2014 - Sylwester.pl","robots":{"index":"index","follow":"follow","max-snippet":"max-snippet:-1","max-image-preview":"max-image-preview:large","max-video-preview":"max-video-preview:-1"},"canonical":"https:\/\/www.sylwester.pl\/przewodnik\/bialystok-swietuje-z-ewa-farna-sylwester-miejski-20132014\/","og_locale":"pl_PL","og_type":"article","og_title":"Bia\u0142ystok \u015bwi\u0119tuje z Ew\u0105 Farn\u0105 - Sylwester miejski 2013\/2014 - Sylwester.pl","og_description":"Sylwester w Bia\u0142ymstoku jak co roku organizuje Bia\u0142ostocki O\u015brodek kultury. W tym roku organizatorzy postanowili postara\u0107 si\u0119 szczeg\u00f3lnie, \u017ceby spe\u0142ni\u0107 oczekiwania rzeszy m\u0142odych Bia\u0142ostocczan, kt\u00f3rzy co roku t\u0142umnie przychodz\u0105 na Rynek Ko\u015bciuszki.","og_url":"https:\/\/www.sylwester.pl\/przewodnik\/bialystok-swietuje-z-ewa-farna-sylwester-miejski-20132014\/","og_site_name":"Sylwester.pl","article_published_time":"2018-09-27T09:01:57+00:00","article_modified_time":"2023-10-18T09:21:32+00:00","og_image":[{"width":895,"height":441,"url":"https:\/\/www.sylwester.pl\/przewodnik\/wp-content\/uploads\/sylwester-bialystok-z-farna-wymarzonysylwester_2-e1538038912334.jpg","type":"image\/jpeg"}],"author":"Sylwestrowo","twitter_card":"summary_large_image","twitter_misc":{"Napisane przez":"Sylwestrowo","Szacowany czas czytania":"2 minuty"},"schema":{"@context":"https:\/\/schema.org","@graph":[{"@type":"Article","@id":"https:\/\/www.sylwester.pl\/przewodnik\/bialystok-swietuje-z-ewa-farna-sylwester-miejski-20132014\/#article","isPartOf":{"@id":"https:\/\/www.sylwester.pl\/przewodnik\/bialystok-swietuje-z-ewa-farna-sylwester-miejski-20132014\/"},"author":{"name":"Sylwestrowo","@id":"https:\/\/www.sylwester.pl\/przewodnik\/#\/schema\/person\/5a2dccd53cb782c2c018fd539e75c0a2"},"headline":"Bia\u0142ystok \u015bwi\u0119tuje z Ew\u0105 Farn\u0105 &#8211; Sylwester miejski 2013\/2014","datePublished":"2018-09-27T09:01:57+00:00","dateModified":"2023-10-18T09:21:32+00:00","mainEntityOfPage":{"@id":"https:\/\/www.sylwester.pl\/przewodnik\/bialystok-swietuje-z-ewa-farna-sylwester-miejski-20132014\/"},"wordCount":317,"commentCount":1,"publisher":{"@id":"https:\/\/www.sylwester.pl\/przewodnik\/#organization"},"image":{"@id":"https:\/\/www.sylwester.pl\/przewodnik\/bialystok-swietuje-z-ewa-farna-sylwester-miejski-20132014\/#primaryimage"},"thumbnailUrl":"https:\/\/www.sylwester.pl\/przewodnik\/wp-content\/uploads\/sylwester-bialystok-z-farna-wymarzonysylwester_2-e1538038912334.jpg","keywords":["Bia\u0142ystok","Sylwester miejski w Bia\u0142ymstoku","Sylwester na rynku w Bia\u0142ymstoku"],"articleSection":["Sylwester miejski"],"inLanguage":"pl-PL","potentialAction":[{"@type":"CommentAction","name":"Comment","target":["https:\/\/www.sylwester.pl\/przewodnik\/bialystok-swietuje-z-ewa-farna-sylwester-miejski-20132014\/#respond"]}]},{"@type":"WebPage","@id":"https:\/\/www.sylwester.pl\/przewodnik\/bialystok-swietuje-z-ewa-farna-sylwester-miejski-20132014\/","url":"https:\/\/www.sylwester.pl\/przewodnik\/bialystok-swietuje-z-ewa-farna-sylwester-miejski-20132014\/","name":"Bia\u0142ystok \u015bwi\u0119tuje z Ew\u0105 Farn\u0105 - Sylwester miejski 2013\/2014 - Sylwester.pl","isPartOf":{"@id":"https:\/\/www.sylwester.pl\/przewodnik\/#website"},"primaryImageOfPage":{"@id":"https:\/\/www.sylwester.pl\/przewodnik\/bialystok-swietuje-z-ewa-farna-sylwester-miejski-20132014\/#primaryimage"},"image":{"@id":"https:\/\/www.sylwester.pl\/przewodnik\/bialystok-swietuje-z-ewa-farna-sylwester-miejski-20132014\/#primaryimage"},"thumbnailUrl":"https:\/\/www.sylwester.pl\/przewodnik\/wp-content\/uploads\/sylwester-bialystok-z-farna-wymarzonysylwester_2-e1538038912334.jpg","datePublished":"2018-09-27T09:01:57+00:00","dateModified":"2023-10-18T09:21:32+00:00","breadcrumb":{"@id":"https:\/\/www.sylwester.pl\/przewodnik\/bialystok-swietuje-z-ewa-farna-sylwester-miejski-20132014\/#breadcrumb"},"inLanguage":"pl-PL","potentialAction":[{"@type":"ReadAction","target":["https:\/\/www.sylwester.pl\/przewodnik\/bialystok-swietuje-z-ewa-farna-sylwester-miejski-20132014\/"]}]},{"@type":"ImageObject","inLanguage":"pl-PL","@id":"https:\/\/www.sylwester.pl\/przewodnik\/bialystok-swietuje-z-ewa-farna-sylwester-miejski-20132014\/#primaryimage","url":"https:\/\/www.sylwester.pl\/przewodnik\/wp-content\/uploads\/sylwester-bialystok-z-farna-wymarzonysylwester_2-e1538038912334.jpg","contentUrl":"https:\/\/www.sylwester.pl\/przewodnik\/wp-content\/uploads\/sylwester-bialystok-z-farna-wymarzonysylwester_2-e1538038912334.jpg","width":895,"height":441,"caption":"Sylwester w Bia\u0142ymstoku z Ew\u0105 Farn\u0105 - WymarzonySylwester.pl"},{"@type":"BreadcrumbList","@id":"https:\/\/www.sylwester.pl\/przewodnik\/bialystok-swietuje-z-ewa-farna-sylwester-miejski-20132014\/#breadcrumb","itemListElement":[{"@type":"ListItem","position":1,"name":"Strona g\u0142\u00f3wna","item":"https:\/\/www.sylwester.pl\/przewodnik\/"},{"@type":"ListItem","position":2,"name":"Bia\u0142ystok \u015bwi\u0119tuje z Ew\u0105 Farn\u0105 &#8211; Sylwester miejski 2013\/2014"}]},{"@type":"WebSite","@id":"https:\/\/www.sylwester.pl\/przewodnik\/#website","url":"https:\/\/www.sylwester.pl\/przewodnik\/","name":"Sylwester.pl","description":"Sylwester zaczyna si\u0119 tutaj.","publisher":{"@id":"https:\/\/www.sylwester.pl\/przewodnik\/#organization"},"potentialAction":[{"@type":"SearchAction","target":{"@type":"EntryPoint","urlTemplate":"https:\/\/www.sylwester.pl\/przewodnik\/?s={search_term_string}"},"query-input":{"@type":"PropertyValueSpecification","valueRequired":true,"valueName":"search_term_string"}}],"inLanguage":"pl-PL"},{"@type":"Organization","@id":"https:\/\/www.sylwester.pl\/przewodnik\/#organization","name":"Sylwester.pl","url":"https:\/\/www.sylwester.pl\/przewodnik\/","logo":{"@type":"ImageObject","inLanguage":"pl-PL","@id":"https:\/\/www.sylwester.pl\/przewodnik\/#\/schema\/logo\/image\/","url":"https:\/\/www.sylwester.pl\/przewodnik\/wp-content\/uploads\/logo-sylwester.png","contentUrl":"https:\/\/www.sylwester.pl\/przewodnik\/wp-content\/uploads\/logo-sylwester.png","width":177,"height":40,"caption":"Sylwester.pl"},"image":{"@id":"https:\/\/www.sylwester.pl\/przewodnik\/#\/schema\/logo\/image\/"}},{"@type":"Person","@id":"https:\/\/www.sylwester.pl\/przewodnik\/#\/schema\/person\/5a2dccd53cb782c2c018fd539e75c0a2","name":"Sylwestrowo","url":"https:\/\/www.sylwester.pl\/przewodnik\/author\/sylwestrowo\/"}]}},"_links":{"self":[{"href":"https:\/\/www.sylwester.pl\/przewodnik\/wp-json\/wp\/v2\/posts\/60340"}],"collection":[{"href":"https:\/\/www.sylwester.pl\/przewodnik\/wp-json\/wp\/v2\/posts"}],"about":[{"href":"https:\/\/www.sylwester.pl\/przewodnik\/wp-json\/wp\/v2\/types\/post"}],"author":[{"embeddable":true,"href":"https:\/\/www.sylwester.pl\/przewodnik\/wp-json\/wp\/v2\/users\/6"}],"replies":[{"embeddable":true,"href":"https:\/\/www.sylwester.pl\/przewodnik\/wp-json\/wp\/v2\/comments?post=60340"}],"version-history":[{"count":1,"href":"https:\/\/www.sylwester.pl\/przewodnik\/wp-json\/wp\/v2\/posts\/60340\/revisions"}],"predecessor-version":[{"id":60882,"href":"https:\/\/www.sylwester.pl\/przewodnik\/wp-json\/wp\/v2\/posts\/60340\/revisions\/60882"}],"wp:featuredmedia":[{"embeddable":true,"href":"https:\/\/www.sylwester.pl\/przewodnik\/wp-json\/wp\/v2\/media\/53052"}],"wp:attachment":[{"href":"https:\/\/www.sylwester.pl\/przewodnik\/wp-json\/wp\/v2\/media?parent=60340"}],"wp:term":[{"taxonomy":"category","embeddable":true,"href":"https:\/\/www.sylwester.pl\/przewodnik\/wp-json\/wp\/v2\/categories?post=60340"},{"taxonomy":"post_tag","embeddable":true,"href":"https:\/\/www.sylwester.pl\/przewodnik\/wp-json\/wp\/v2\/tags?post=60340"}],"curies":[{"name":"wp","href":"https:\/\/api.w.org\/{rel}","templated":true}]}}