{"id":60309,"date":"2018-09-27T09:06:50","date_gmt":"2018-09-27T09:06:50","guid":{"rendered":"https:\/\/www.sylwester.pl\/przewodnik\/sylwester-2013-w-katowicach-gwiazda-doda-i-bajm\/"},"modified":"2023-10-18T09:21:16","modified_gmt":"2023-10-18T09:21:16","slug":"sylwester-2013-w-katowicach-gwiazda-doda-i-bajm","status":"publish","type":"post","link":"https:\/\/www.sylwester.pl\/przewodnik\/sylwester-2013-w-katowicach-gwiazda-doda-i-bajm\/","title":{"rendered":"Sylwester 2013 w Katowicach &#8211; gwiazd\u0105 Doda i zesp\u00f3\u0142 Bajm"},"content":{"rendered":"<p>Kto za\u015bpiewa podczas Sylwestra miejskiego 2013 w Katowicach? W internecie pojawi\u0142y si\u0119 ju\u017c pierwsze informacje na ten temat. Gwiazd\u0105 wieczoru w Katowicach b\u0119dzie Doda. Potwierdzenie tej informacji znalaz\u0142o si\u0119 na oficjalnym profilu wokalistki na Facebooku:<!--more--><\/p>\n<p>&#8222;Doda ponownie sp\u0119dzi Sylwestra na scenie! To Katowice powitaj\u0105 rok 2014 z Dod\u0105 i jej zespo\u0142em. Artystka da trzy 15-minutowe wyst\u0119py, pierwsze wej\u015bcie o 22:30. Opr\u00f3cz Dody pod katowickim Spodkiem zagra r\u00f3wnie\u017c zesp\u00f3\u0142 Bajm. Ju\u017c dzisiaj serdecznie zapraszamy wszystkich fan\u00f3w oraz mieszka\u0144c\u00f3w Katowic!&#8221;<\/p>\n<p>Z notatki wynika, \u017ce na miejskim sylwestrze pojawi si\u0119 r\u00f3wnie\u017c zesp\u00f3\u0142 Bajm z charyzmatyczn\u0105 wokalistk\u0105 Beat\u0105 Kozidrak.<\/p>\n<p>Doda wyst\u0105pi\u0142a ostatni raz na koncercie sylwestrowym w 2010 roku w Warszawie na &#8222;Sylwestrowej Mocy Przeboj\u00f3w 2010&#8221; (jej wyst\u0119p w poni\u017cszym wideo). Wcze\u015bniej wyst\u0119powa\u0142a r\u00f3wnie\u017c na sylwestrowych zabawach we Wroc\u0142awiu i \u0141odzi. Rok temu sp\u0119dzi\u0142a Sylwestra na prywatnej imprezie w Miami z Joanna Krup\u0105. Jak zaprezentuje si\u0119 po latach?<\/p>\n<p>Sylwester miejski w Katowicach 2013 ma kosztowa\u0107 miasto ok. 2 mln z\u0142otych. Planowana jest r\u00f3wnie\u017c transmisja na \u017cywo w jednej ze stacji telewizyjnych. Tradycyjnie zorganizowany b\u0119dzie na placu przy Alei Wojciecha Korfantego pod katowickim Spodkiem.<\/p>\n<p><iframe loading=\"lazy\" src=\"\/\/www.youtube.com\/embed\/GHTgiO5mTzw\" width=\"660\" height=\"360\" frameborder=\"0\" allowfullscreen=\"allowfullscreen\"><\/iframe><\/p>\n","protected":false},"excerpt":{"rendered":"<p>Kto za\u015bpiewa podczas Sylwestra miejskiego 2013 w Katowicach? W internecie pojawi\u0142y si\u0119 ju\u017c pierwsze informacje na ten temat. Gwiazd\u0105 wieczoru w Katowicach b\u0119dzie Doda. Potwierdzenie tej informacji znalaz\u0142o si\u0119 na oficjalnym profilu wokalistki na Facebooku:<\/p>\n","protected":false},"author":6,"featured_media":50517,"comment_status":"open","ping_status":"closed","sticky":false,"template":"","format":"standard","meta":{"footnotes":""},"categories":[109],"tags":[157,238],"class_list":["post-60309","post","type-post","status-publish","format-standard","has-post-thumbnail","hentry","category-sylwester-miejski","tag-katowice","tag-sylwester-miejski-w-katowicach"],"yoast_head":"<!-- This site is optimized with the Yoast SEO plugin v23.4 - https:\/\/yoast.com\/wordpress\/plugins\/seo\/ -->\n<title>Sylwester 2013 w Katowicach - gwiazd\u0105 Doda i zesp\u00f3\u0142 Bajm - Sylwester.pl<\/title>\n<meta name=\"robots\" content=\"index, follow, max-snippet:-1, max-image-preview:large, max-video-preview:-1\" \/>\n<link rel=\"canonical\" href=\"https:\/\/www.sylwester.pl\/przewodnik\/sylwester-2013-w-katowicach-gwiazda-doda-i-bajm\/\" \/>\n<meta property=\"og:locale\" content=\"pl_PL\" \/>\n<meta property=\"og:type\" content=\"article\" \/>\n<meta property=\"og:title\" content=\"Sylwester 2013 w Katowicach - gwiazd\u0105 Doda i zesp\u00f3\u0142 Bajm - Sylwester.pl\" \/>\n<meta property=\"og:description\" content=\"Kto za\u015bpiewa podczas Sylwestra miejskiego 2013 w Katowicach? W internecie pojawi\u0142y si\u0119 ju\u017c pierwsze informacje na ten temat. Gwiazd\u0105 wieczoru w Katowicach b\u0119dzie Doda. Potwierdzenie tej informacji znalaz\u0142o si\u0119 na oficjalnym profilu wokalistki na Facebooku:\" \/>\n<meta property=\"og:url\" content=\"https:\/\/www.sylwester.pl\/przewodnik\/sylwester-2013-w-katowicach-gwiazda-doda-i-bajm\/\" \/>\n<meta property=\"og:site_name\" content=\"Sylwester.pl\" \/>\n<meta property=\"article:published_time\" content=\"2018-09-27T09:06:50+00:00\" \/>\n<meta property=\"article:modified_time\" content=\"2023-10-18T09:21:16+00:00\" \/>\n<meta property=\"og:image\" content=\"https:\/\/www.sylwester.pl\/przewodnik\/wp-content\/uploads\/doda-sylwester-wymarzonysylwester-e1538039204611.jpg\" \/>\n\t<meta property=\"og:image:width\" content=\"796\" \/>\n\t<meta property=\"og:image:height\" content=\"388\" \/>\n\t<meta property=\"og:image:type\" content=\"image\/jpeg\" \/>\n<meta name=\"author\" content=\"Sylwestrowo\" \/>\n<meta name=\"twitter:card\" content=\"summary_large_image\" \/>\n<meta name=\"twitter:label1\" content=\"Napisane przez\" \/>\n\t<meta name=\"twitter:data1\" content=\"Sylwestrowo\" \/>\n\t<meta name=\"twitter:label2\" content=\"Szacowany czas czytania\" \/>\n\t<meta name=\"twitter:data2\" content=\"1 minuta\" \/>\n<script type=\"application\/ld+json\" class=\"yoast-schema-graph\">{\"@context\":\"https:\/\/schema.org\",\"@graph\":[{\"@type\":\"Article\",\"@id\":\"https:\/\/www.sylwester.pl\/przewodnik\/sylwester-2013-w-katowicach-gwiazda-doda-i-bajm\/#article\",\"isPartOf\":{\"@id\":\"https:\/\/www.sylwester.pl\/przewodnik\/sylwester-2013-w-katowicach-gwiazda-doda-i-bajm\/\"},\"author\":{\"name\":\"Sylwestrowo\",\"@id\":\"https:\/\/www.sylwester.pl\/przewodnik\/#\/schema\/person\/5a2dccd53cb782c2c018fd539e75c0a2\"},\"headline\":\"Sylwester 2013 w Katowicach &#8211; gwiazd\u0105 Doda i zesp\u00f3\u0142 Bajm\",\"datePublished\":\"2018-09-27T09:06:50+00:00\",\"dateModified\":\"2023-10-18T09:21:16+00:00\",\"mainEntityOfPage\":{\"@id\":\"https:\/\/www.sylwester.pl\/przewodnik\/sylwester-2013-w-katowicach-gwiazda-doda-i-bajm\/\"},\"wordCount\":210,\"commentCount\":1,\"publisher\":{\"@id\":\"https:\/\/www.sylwester.pl\/przewodnik\/#organization\"},\"image\":{\"@id\":\"https:\/\/www.sylwester.pl\/przewodnik\/sylwester-2013-w-katowicach-gwiazda-doda-i-bajm\/#primaryimage\"},\"thumbnailUrl\":\"https:\/\/www.sylwester.pl\/przewodnik\/wp-content\/uploads\/doda-sylwester-wymarzonysylwester-e1538039204611.jpg\",\"keywords\":[\"Katowice\",\"Sylwester miejski w Katowicach\"],\"articleSection\":[\"Sylwester miejski\"],\"inLanguage\":\"pl-PL\",\"potentialAction\":[{\"@type\":\"CommentAction\",\"name\":\"Comment\",\"target\":[\"https:\/\/www.sylwester.pl\/przewodnik\/sylwester-2013-w-katowicach-gwiazda-doda-i-bajm\/#respond\"]}]},{\"@type\":\"WebPage\",\"@id\":\"https:\/\/www.sylwester.pl\/przewodnik\/sylwester-2013-w-katowicach-gwiazda-doda-i-bajm\/\",\"url\":\"https:\/\/www.sylwester.pl\/przewodnik\/sylwester-2013-w-katowicach-gwiazda-doda-i-bajm\/\",\"name\":\"Sylwester 2013 w Katowicach - gwiazd\u0105 Doda i zesp\u00f3\u0142 Bajm - Sylwester.pl\",\"isPartOf\":{\"@id\":\"https:\/\/www.sylwester.pl\/przewodnik\/#website\"},\"primaryImageOfPage\":{\"@id\":\"https:\/\/www.sylwester.pl\/przewodnik\/sylwester-2013-w-katowicach-gwiazda-doda-i-bajm\/#primaryimage\"},\"image\":{\"@id\":\"https:\/\/www.sylwester.pl\/przewodnik\/sylwester-2013-w-katowicach-gwiazda-doda-i-bajm\/#primaryimage\"},\"thumbnailUrl\":\"https:\/\/www.sylwester.pl\/przewodnik\/wp-content\/uploads\/doda-sylwester-wymarzonysylwester-e1538039204611.jpg\",\"datePublished\":\"2018-09-27T09:06:50+00:00\",\"dateModified\":\"2023-10-18T09:21:16+00:00\",\"breadcrumb\":{\"@id\":\"https:\/\/www.sylwester.pl\/przewodnik\/sylwester-2013-w-katowicach-gwiazda-doda-i-bajm\/#breadcrumb\"},\"inLanguage\":\"pl-PL\",\"potentialAction\":[{\"@type\":\"ReadAction\",\"target\":[\"https:\/\/www.sylwester.pl\/przewodnik\/sylwester-2013-w-katowicach-gwiazda-doda-i-bajm\/\"]}]},{\"@type\":\"ImageObject\",\"inLanguage\":\"pl-PL\",\"@id\":\"https:\/\/www.sylwester.pl\/przewodnik\/sylwester-2013-w-katowicach-gwiazda-doda-i-bajm\/#primaryimage\",\"url\":\"https:\/\/www.sylwester.pl\/przewodnik\/wp-content\/uploads\/doda-sylwester-wymarzonysylwester-e1538039204611.jpg\",\"contentUrl\":\"https:\/\/www.sylwester.pl\/przewodnik\/wp-content\/uploads\/doda-sylwester-wymarzonysylwester-e1538039204611.jpg\",\"width\":796,\"height\":388,\"caption\":\"Doda na Sylwestrze w Katowicach - WymarzonySylwester.pl\"},{\"@type\":\"BreadcrumbList\",\"@id\":\"https:\/\/www.sylwester.pl\/przewodnik\/sylwester-2013-w-katowicach-gwiazda-doda-i-bajm\/#breadcrumb\",\"itemListElement\":[{\"@type\":\"ListItem\",\"position\":1,\"name\":\"Strona g\u0142\u00f3wna\",\"item\":\"https:\/\/www.sylwester.pl\/przewodnik\/\"},{\"@type\":\"ListItem\",\"position\":2,\"name\":\"Sylwester 2013 w Katowicach &#8211; gwiazd\u0105 Doda i zesp\u00f3\u0142 Bajm\"}]},{\"@type\":\"WebSite\",\"@id\":\"https:\/\/www.sylwester.pl\/przewodnik\/#website\",\"url\":\"https:\/\/www.sylwester.pl\/przewodnik\/\",\"name\":\"Sylwester.pl\",\"description\":\"Sylwester zaczyna si\u0119 tutaj.\",\"publisher\":{\"@id\":\"https:\/\/www.sylwester.pl\/przewodnik\/#organization\"},\"potentialAction\":[{\"@type\":\"SearchAction\",\"target\":{\"@type\":\"EntryPoint\",\"urlTemplate\":\"https:\/\/www.sylwester.pl\/przewodnik\/?s={search_term_string}\"},\"query-input\":{\"@type\":\"PropertyValueSpecification\",\"valueRequired\":true,\"valueName\":\"search_term_string\"}}],\"inLanguage\":\"pl-PL\"},{\"@type\":\"Organization\",\"@id\":\"https:\/\/www.sylwester.pl\/przewodnik\/#organization\",\"name\":\"Sylwester.pl\",\"url\":\"https:\/\/www.sylwester.pl\/przewodnik\/\",\"logo\":{\"@type\":\"ImageObject\",\"inLanguage\":\"pl-PL\",\"@id\":\"https:\/\/www.sylwester.pl\/przewodnik\/#\/schema\/logo\/image\/\",\"url\":\"https:\/\/www.sylwester.pl\/przewodnik\/wp-content\/uploads\/logo-sylwester.png\",\"contentUrl\":\"https:\/\/www.sylwester.pl\/przewodnik\/wp-content\/uploads\/logo-sylwester.png\",\"width\":177,\"height\":40,\"caption\":\"Sylwester.pl\"},\"image\":{\"@id\":\"https:\/\/www.sylwester.pl\/przewodnik\/#\/schema\/logo\/image\/\"}},{\"@type\":\"Person\",\"@id\":\"https:\/\/www.sylwester.pl\/przewodnik\/#\/schema\/person\/5a2dccd53cb782c2c018fd539e75c0a2\",\"name\":\"Sylwestrowo\",\"url\":\"https:\/\/www.sylwester.pl\/przewodnik\/author\/sylwestrowo\/\"}]}<\/script>\n<!-- \/ Yoast SEO plugin. -->","yoast_head_json":{"title":"Sylwester 2013 w Katowicach - gwiazd\u0105 Doda i zesp\u00f3\u0142 Bajm - Sylwester.pl","robots":{"index":"index","follow":"follow","max-snippet":"max-snippet:-1","max-image-preview":"max-image-preview:large","max-video-preview":"max-video-preview:-1"},"canonical":"https:\/\/www.sylwester.pl\/przewodnik\/sylwester-2013-w-katowicach-gwiazda-doda-i-bajm\/","og_locale":"pl_PL","og_type":"article","og_title":"Sylwester 2013 w Katowicach - gwiazd\u0105 Doda i zesp\u00f3\u0142 Bajm - Sylwester.pl","og_description":"Kto za\u015bpiewa podczas Sylwestra miejskiego 2013 w Katowicach? W internecie pojawi\u0142y si\u0119 ju\u017c pierwsze informacje na ten temat. Gwiazd\u0105 wieczoru w Katowicach b\u0119dzie Doda. Potwierdzenie tej informacji znalaz\u0142o si\u0119 na oficjalnym profilu wokalistki na Facebooku:","og_url":"https:\/\/www.sylwester.pl\/przewodnik\/sylwester-2013-w-katowicach-gwiazda-doda-i-bajm\/","og_site_name":"Sylwester.pl","article_published_time":"2018-09-27T09:06:50+00:00","article_modified_time":"2023-10-18T09:21:16+00:00","og_image":[{"width":796,"height":388,"url":"https:\/\/www.sylwester.pl\/przewodnik\/wp-content\/uploads\/doda-sylwester-wymarzonysylwester-e1538039204611.jpg","type":"image\/jpeg"}],"author":"Sylwestrowo","twitter_card":"summary_large_image","twitter_misc":{"Napisane przez":"Sylwestrowo","Szacowany czas czytania":"1 minuta"},"schema":{"@context":"https:\/\/schema.org","@graph":[{"@type":"Article","@id":"https:\/\/www.sylwester.pl\/przewodnik\/sylwester-2013-w-katowicach-gwiazda-doda-i-bajm\/#article","isPartOf":{"@id":"https:\/\/www.sylwester.pl\/przewodnik\/sylwester-2013-w-katowicach-gwiazda-doda-i-bajm\/"},"author":{"name":"Sylwestrowo","@id":"https:\/\/www.sylwester.pl\/przewodnik\/#\/schema\/person\/5a2dccd53cb782c2c018fd539e75c0a2"},"headline":"Sylwester 2013 w Katowicach &#8211; gwiazd\u0105 Doda i zesp\u00f3\u0142 Bajm","datePublished":"2018-09-27T09:06:50+00:00","dateModified":"2023-10-18T09:21:16+00:00","mainEntityOfPage":{"@id":"https:\/\/www.sylwester.pl\/przewodnik\/sylwester-2013-w-katowicach-gwiazda-doda-i-bajm\/"},"wordCount":210,"commentCount":1,"publisher":{"@id":"https:\/\/www.sylwester.pl\/przewodnik\/#organization"},"image":{"@id":"https:\/\/www.sylwester.pl\/przewodnik\/sylwester-2013-w-katowicach-gwiazda-doda-i-bajm\/#primaryimage"},"thumbnailUrl":"https:\/\/www.sylwester.pl\/przewodnik\/wp-content\/uploads\/doda-sylwester-wymarzonysylwester-e1538039204611.jpg","keywords":["Katowice","Sylwester miejski w Katowicach"],"articleSection":["Sylwester miejski"],"inLanguage":"pl-PL","potentialAction":[{"@type":"CommentAction","name":"Comment","target":["https:\/\/www.sylwester.pl\/przewodnik\/sylwester-2013-w-katowicach-gwiazda-doda-i-bajm\/#respond"]}]},{"@type":"WebPage","@id":"https:\/\/www.sylwester.pl\/przewodnik\/sylwester-2013-w-katowicach-gwiazda-doda-i-bajm\/","url":"https:\/\/www.sylwester.pl\/przewodnik\/sylwester-2013-w-katowicach-gwiazda-doda-i-bajm\/","name":"Sylwester 2013 w Katowicach - gwiazd\u0105 Doda i zesp\u00f3\u0142 Bajm - Sylwester.pl","isPartOf":{"@id":"https:\/\/www.sylwester.pl\/przewodnik\/#website"},"primaryImageOfPage":{"@id":"https:\/\/www.sylwester.pl\/przewodnik\/sylwester-2013-w-katowicach-gwiazda-doda-i-bajm\/#primaryimage"},"image":{"@id":"https:\/\/www.sylwester.pl\/przewodnik\/sylwester-2013-w-katowicach-gwiazda-doda-i-bajm\/#primaryimage"},"thumbnailUrl":"https:\/\/www.sylwester.pl\/przewodnik\/wp-content\/uploads\/doda-sylwester-wymarzonysylwester-e1538039204611.jpg","datePublished":"2018-09-27T09:06:50+00:00","dateModified":"2023-10-18T09:21:16+00:00","breadcrumb":{"@id":"https:\/\/www.sylwester.pl\/przewodnik\/sylwester-2013-w-katowicach-gwiazda-doda-i-bajm\/#breadcrumb"},"inLanguage":"pl-PL","potentialAction":[{"@type":"ReadAction","target":["https:\/\/www.sylwester.pl\/przewodnik\/sylwester-2013-w-katowicach-gwiazda-doda-i-bajm\/"]}]},{"@type":"ImageObject","inLanguage":"pl-PL","@id":"https:\/\/www.sylwester.pl\/przewodnik\/sylwester-2013-w-katowicach-gwiazda-doda-i-bajm\/#primaryimage","url":"https:\/\/www.sylwester.pl\/przewodnik\/wp-content\/uploads\/doda-sylwester-wymarzonysylwester-e1538039204611.jpg","contentUrl":"https:\/\/www.sylwester.pl\/przewodnik\/wp-content\/uploads\/doda-sylwester-wymarzonysylwester-e1538039204611.jpg","width":796,"height":388,"caption":"Doda na Sylwestrze w Katowicach - WymarzonySylwester.pl"},{"@type":"BreadcrumbList","@id":"https:\/\/www.sylwester.pl\/przewodnik\/sylwester-2013-w-katowicach-gwiazda-doda-i-bajm\/#breadcrumb","itemListElement":[{"@type":"ListItem","position":1,"name":"Strona g\u0142\u00f3wna","item":"https:\/\/www.sylwester.pl\/przewodnik\/"},{"@type":"ListItem","position":2,"name":"Sylwester 2013 w Katowicach &#8211; gwiazd\u0105 Doda i zesp\u00f3\u0142 Bajm"}]},{"@type":"WebSite","@id":"https:\/\/www.sylwester.pl\/przewodnik\/#website","url":"https:\/\/www.sylwester.pl\/przewodnik\/","name":"Sylwester.pl","description":"Sylwester zaczyna si\u0119 tutaj.","publisher":{"@id":"https:\/\/www.sylwester.pl\/przewodnik\/#organization"},"potentialAction":[{"@type":"SearchAction","target":{"@type":"EntryPoint","urlTemplate":"https:\/\/www.sylwester.pl\/przewodnik\/?s={search_term_string}"},"query-input":{"@type":"PropertyValueSpecification","valueRequired":true,"valueName":"search_term_string"}}],"inLanguage":"pl-PL"},{"@type":"Organization","@id":"https:\/\/www.sylwester.pl\/przewodnik\/#organization","name":"Sylwester.pl","url":"https:\/\/www.sylwester.pl\/przewodnik\/","logo":{"@type":"ImageObject","inLanguage":"pl-PL","@id":"https:\/\/www.sylwester.pl\/przewodnik\/#\/schema\/logo\/image\/","url":"https:\/\/www.sylwester.pl\/przewodnik\/wp-content\/uploads\/logo-sylwester.png","contentUrl":"https:\/\/www.sylwester.pl\/przewodnik\/wp-content\/uploads\/logo-sylwester.png","width":177,"height":40,"caption":"Sylwester.pl"},"image":{"@id":"https:\/\/www.sylwester.pl\/przewodnik\/#\/schema\/logo\/image\/"}},{"@type":"Person","@id":"https:\/\/www.sylwester.pl\/przewodnik\/#\/schema\/person\/5a2dccd53cb782c2c018fd539e75c0a2","name":"Sylwestrowo","url":"https:\/\/www.sylwester.pl\/przewodnik\/author\/sylwestrowo\/"}]}},"_links":{"self":[{"href":"https:\/\/www.sylwester.pl\/przewodnik\/wp-json\/wp\/v2\/posts\/60309"}],"collection":[{"href":"https:\/\/www.sylwester.pl\/przewodnik\/wp-json\/wp\/v2\/posts"}],"about":[{"href":"https:\/\/www.sylwester.pl\/przewodnik\/wp-json\/wp\/v2\/types\/post"}],"author":[{"embeddable":true,"href":"https:\/\/www.sylwester.pl\/przewodnik\/wp-json\/wp\/v2\/users\/6"}],"replies":[{"embeddable":true,"href":"https:\/\/www.sylwester.pl\/przewodnik\/wp-json\/wp\/v2\/comments?post=60309"}],"version-history":[{"count":1,"href":"https:\/\/www.sylwester.pl\/przewodnik\/wp-json\/wp\/v2\/posts\/60309\/revisions"}],"predecessor-version":[{"id":60862,"href":"https:\/\/www.sylwester.pl\/przewodnik\/wp-json\/wp\/v2\/posts\/60309\/revisions\/60862"}],"wp:featuredmedia":[{"embeddable":true,"href":"https:\/\/www.sylwester.pl\/przewodnik\/wp-json\/wp\/v2\/media\/50517"}],"wp:attachment":[{"href":"https:\/\/www.sylwester.pl\/przewodnik\/wp-json\/wp\/v2\/media?parent=60309"}],"wp:term":[{"taxonomy":"category","embeddable":true,"href":"https:\/\/www.sylwester.pl\/przewodnik\/wp-json\/wp\/v2\/categories?post=60309"},{"taxonomy":"post_tag","embeddable":true,"href":"https:\/\/www.sylwester.pl\/przewodnik\/wp-json\/wp\/v2\/tags?post=60309"}],"curies":[{"name":"wp","href":"https:\/\/api.w.org\/{rel}","templated":true}]}}