{"id":60301,"date":"2018-09-27T09:10:16","date_gmt":"2018-09-27T09:10:16","guid":{"rendered":"https:\/\/www.sylwester.pl\/przewodnik\/sylwester-miejski-20132013-w-lublinie-kayah-cerekwicka-badach\/"},"modified":"2023-10-18T09:21:15","modified_gmt":"2023-10-18T09:21:15","slug":"sylwester-miejski-20132013-w-lublinie-kayah-cerekwicka-badach","status":"publish","type":"post","link":"https:\/\/www.sylwester.pl\/przewodnik\/sylwester-miejski-20132013-w-lublinie-kayah-cerekwicka-badach\/","title":{"rendered":"Sylwester miejski 2013\/2013 w Lublinie: Kayah, Cerekwicka, Badach"},"content":{"rendered":"<p>Gwiazdami tegorocznego Sylwestra w Lublinie, kt\u00f3ry odb\u0119dzie si\u0119 na Placu Litewskim b\u0119d\u0105 Kayah, Kasia Cerekwicka, Kuba Badach i S\u0142awek Uniatowski.<!--more--><\/p>\n<p>Opraw\u0119 muzyczn\u0105 ca\u0142ego koncertu zapewni orkiestra &#8222;MK Momot &amp; Kuligowski Orkiestra&#8221; pod batut\u0105 Tomasza Momota, kt\u00f3rej cz\u0142onkowie pochodz\u0105 z Lublina i okolic. &#8222;Specjalnie na ten wiecz\u00f3r orkiestra przygotowa\u0142a najwi\u0119ksze polskie i zagraniczne hity. Wykona je wsp\u00f3lnie z gwiazdami, w nowych aran\u017cacjach i w powi\u0119kszonym, a\u017c 20-osobowym sk\u0142adzie.&#8221; &#8211; m\u00f3wi\u00a0rzecznik prezydenta Lublina Beata Krzy\u017canowska. Na lubelskiej scenie za\u015bpiewaj\u0105 r\u00f3wnie\u017c Anna Karwan i Mateusz Krautwurst znani z udzia\u0142u w programach rozrywkowych &#8222;Voice of Poland&#8221; i &#8222;Must Be The Music&#8221;. Wyst\u0119py uzupe\u0142ni\u0105 pokazy taneczne Formacji Ta\u0144ca Towarzyskiego Politechniki Lubelskiej GAMZA.<\/p>\n<p>&#8222;Dla wielu lublinian naturalnym miejscem powitania Nowego Roku jest Plac Litewski. Serdecznie zach\u0119cam do wsp\u00f3lnej zabawy podczas Sylwestrowej Nocy Przeboj\u00f3w.&#8221; &#8211; komentuje prezydent Lublina Krzysztof \u017buk.<\/p>\n<p>Zabawa ma rozpocz\u0105\u0107 si\u0119 o godz 20:30 i zako\u0144czy\u0107 o godz. 01:00. O p\u00f3\u0142nocy przedstawiciele w\u0142adz Lublina wznios\u0105 sylwestrowy toast i z\u0142o\u017c\u0105 \u017cyczenia. Chwil\u0119 p\u00f3\u017aniej odb\u0119dzie si\u0119 pokaz sztucznych ogni.<\/p>\n<p><iframe loading=\"lazy\" src=\"\/\/www.youtube.com\/embed\/lHLX9yYnMIo\" width=\"660\" height=\"360\" frameborder=\"0\" allowfullscreen=\"allowfullscreen\"><\/iframe><\/p>\n<p>Miasto szacuje, \u017ce na miejski Sylwester wyda wi\u0119cej ni\u017c w ubieg\u0142ym roku. Wtedy organizacja Sylwestra kosztowa\u0142a 370 tys. z\u0142. W tym roku kk. 200 tys. z\u0142 maj\u0105 poch\u0142on\u0105\u0107 same wynagrodzenia dla artyst\u00f3w, a konieczne jest r\u00f3wnie\u017c op\u0142acenie ochrony i obs\u0142ugi technicznej wydarzenia.<\/p>\n<p>Wiadomo, \u017ce w studiu Radia Lublin trwaj\u0105 ju\u017c pr\u00f3by orkiestry &#8222;MK Momot &amp; Kuligowski Orkiestra&#8221;. Za dwa, trzy tygodnie do pr\u00f3b maj\u0105 do\u0142\u0105czy\u0107 r\u00f3wnie\u017c gwiazdy.<\/p>\n<h2>Program Sylwestra miejskiego w Lublinie 2013\/2014<\/h2>\n<p>20:30 &#8211; start imprezy<br \/>\n20:40 &#8211; wyst\u0119p Anny Karwan i Mateusza Krautwurst<br \/>\n22:55 &#8211; I cz\u0119\u015b\u0107 koncertu MK Momot &amp; Kuligowski Orkiestra z gwiazdami<br \/>\n24:00 &#8211; pokaz fajerwerk\u00f3w<br \/>\n00:20 &#8211; II cz\u0119\u015b\u0107 koncertu MK Momot &amp; Kuligowski Orkiestra z gwiazdami<br \/>\n01:00 &#8211; zako\u0144czenie imprezy<\/p>\n<p><iframe loading=\"lazy\" src=\"\/\/www.youtube.com\/embed\/pJEk5WbPZww\" width=\"660\" height=\"360\" frameborder=\"0\"><\/iframe><\/p>\n<p><iframe loading=\"lazy\" src=\"\/\/www.youtube.com\/embed\/y3bmeafP778\" width=\"660\" height=\"360\" frameborder=\"0\"><\/iframe><\/p>\n<p><iframe loading=\"lazy\" src=\"\/\/www.youtube.com\/embed\/3SUtKKDvDr8\" width=\"660\" height=\"360\" frameborder=\"0\" allowfullscreen=\"allowfullscreen\"><\/iframe><\/p>\n<p><iframe loading=\"lazy\" src=\"\/\/www.youtube.com\/embed\/6aUBuQ0PerM\" width=\"660\" height=\"360\" frameborder=\"0\"><\/iframe><\/p>\n","protected":false},"excerpt":{"rendered":"<p>Gwiazdami tegorocznego Sylwestra w Lublinie, kt\u00f3ry odb\u0119dzie si\u0119 na Placu Litewskim b\u0119d\u0105 Kayah, Kasia Cerekwicka, Kuba Badach i S\u0142awek Uniatowski.<\/p>\n","protected":false},"author":6,"featured_media":50259,"comment_status":"open","ping_status":"closed","sticky":false,"template":"","format":"standard","meta":{"footnotes":""},"categories":[109],"tags":[162,242],"class_list":["post-60301","post","type-post","status-publish","format-standard","has-post-thumbnail","hentry","category-sylwester-miejski","tag-lublin","tag-sylwester-miejski-w-lublinie"],"yoast_head":"<!-- This site is optimized with the Yoast SEO plugin v23.4 - https:\/\/yoast.com\/wordpress\/plugins\/seo\/ -->\n<title>Sylwester miejski 2013\/2013 w Lublinie: Kayah, Cerekwicka, Badach - Sylwester.pl<\/title>\n<meta name=\"robots\" content=\"index, follow, max-snippet:-1, max-image-preview:large, max-video-preview:-1\" \/>\n<link rel=\"canonical\" href=\"https:\/\/www.sylwester.pl\/przewodnik\/sylwester-miejski-20132013-w-lublinie-kayah-cerekwicka-badach\/\" \/>\n<meta property=\"og:locale\" content=\"pl_PL\" \/>\n<meta property=\"og:type\" content=\"article\" \/>\n<meta property=\"og:title\" content=\"Sylwester miejski 2013\/2013 w Lublinie: Kayah, Cerekwicka, Badach - Sylwester.pl\" \/>\n<meta property=\"og:description\" content=\"Gwiazdami tegorocznego Sylwestra w Lublinie, kt\u00f3ry odb\u0119dzie si\u0119 na Placu Litewskim b\u0119d\u0105 Kayah, Kasia Cerekwicka, Kuba Badach i S\u0142awek Uniatowski.\" \/>\n<meta property=\"og:url\" content=\"https:\/\/www.sylwester.pl\/przewodnik\/sylwester-miejski-20132013-w-lublinie-kayah-cerekwicka-badach\/\" \/>\n<meta property=\"og:site_name\" content=\"Sylwester.pl\" \/>\n<meta property=\"article:published_time\" content=\"2018-09-27T09:10:16+00:00\" \/>\n<meta property=\"article:modified_time\" content=\"2023-10-18T09:21:15+00:00\" \/>\n<meta property=\"og:image\" content=\"https:\/\/www.sylwester.pl\/przewodnik\/wp-content\/uploads\/kayah-wymarzonysylwester-e1538039412648.jpg\" \/>\n\t<meta property=\"og:image:width\" content=\"500\" \/>\n\t<meta property=\"og:image:height\" content=\"232\" \/>\n\t<meta property=\"og:image:type\" content=\"image\/jpeg\" \/>\n<meta name=\"author\" content=\"Sylwestrowo\" \/>\n<meta name=\"twitter:card\" content=\"summary_large_image\" \/>\n<meta name=\"twitter:label1\" content=\"Napisane przez\" \/>\n\t<meta name=\"twitter:data1\" content=\"Sylwestrowo\" \/>\n\t<meta name=\"twitter:label2\" content=\"Szacowany czas czytania\" \/>\n\t<meta name=\"twitter:data2\" content=\"2 minuty\" \/>\n<script type=\"application\/ld+json\" class=\"yoast-schema-graph\">{\"@context\":\"https:\/\/schema.org\",\"@graph\":[{\"@type\":\"Article\",\"@id\":\"https:\/\/www.sylwester.pl\/przewodnik\/sylwester-miejski-20132013-w-lublinie-kayah-cerekwicka-badach\/#article\",\"isPartOf\":{\"@id\":\"https:\/\/www.sylwester.pl\/przewodnik\/sylwester-miejski-20132013-w-lublinie-kayah-cerekwicka-badach\/\"},\"author\":{\"name\":\"Sylwestrowo\",\"@id\":\"https:\/\/www.sylwester.pl\/przewodnik\/#\/schema\/person\/5a2dccd53cb782c2c018fd539e75c0a2\"},\"headline\":\"Sylwester miejski 2013\/2013 w Lublinie: Kayah, Cerekwicka, Badach\",\"datePublished\":\"2018-09-27T09:10:16+00:00\",\"dateModified\":\"2023-10-18T09:21:15+00:00\",\"mainEntityOfPage\":{\"@id\":\"https:\/\/www.sylwester.pl\/przewodnik\/sylwester-miejski-20132013-w-lublinie-kayah-cerekwicka-badach\/\"},\"wordCount\":323,\"commentCount\":2,\"publisher\":{\"@id\":\"https:\/\/www.sylwester.pl\/przewodnik\/#organization\"},\"image\":{\"@id\":\"https:\/\/www.sylwester.pl\/przewodnik\/sylwester-miejski-20132013-w-lublinie-kayah-cerekwicka-badach\/#primaryimage\"},\"thumbnailUrl\":\"https:\/\/www.sylwester.pl\/przewodnik\/wp-content\/uploads\/kayah-wymarzonysylwester-e1538039412648.jpg\",\"keywords\":[\"Lublin\",\"Sylwester miejski w Lublinie\"],\"articleSection\":[\"Sylwester miejski\"],\"inLanguage\":\"pl-PL\",\"potentialAction\":[{\"@type\":\"CommentAction\",\"name\":\"Comment\",\"target\":[\"https:\/\/www.sylwester.pl\/przewodnik\/sylwester-miejski-20132013-w-lublinie-kayah-cerekwicka-badach\/#respond\"]}]},{\"@type\":\"WebPage\",\"@id\":\"https:\/\/www.sylwester.pl\/przewodnik\/sylwester-miejski-20132013-w-lublinie-kayah-cerekwicka-badach\/\",\"url\":\"https:\/\/www.sylwester.pl\/przewodnik\/sylwester-miejski-20132013-w-lublinie-kayah-cerekwicka-badach\/\",\"name\":\"Sylwester miejski 2013\/2013 w Lublinie: Kayah, Cerekwicka, Badach - Sylwester.pl\",\"isPartOf\":{\"@id\":\"https:\/\/www.sylwester.pl\/przewodnik\/#website\"},\"primaryImageOfPage\":{\"@id\":\"https:\/\/www.sylwester.pl\/przewodnik\/sylwester-miejski-20132013-w-lublinie-kayah-cerekwicka-badach\/#primaryimage\"},\"image\":{\"@id\":\"https:\/\/www.sylwester.pl\/przewodnik\/sylwester-miejski-20132013-w-lublinie-kayah-cerekwicka-badach\/#primaryimage\"},\"thumbnailUrl\":\"https:\/\/www.sylwester.pl\/przewodnik\/wp-content\/uploads\/kayah-wymarzonysylwester-e1538039412648.jpg\",\"datePublished\":\"2018-09-27T09:10:16+00:00\",\"dateModified\":\"2023-10-18T09:21:15+00:00\",\"breadcrumb\":{\"@id\":\"https:\/\/www.sylwester.pl\/przewodnik\/sylwester-miejski-20132013-w-lublinie-kayah-cerekwicka-badach\/#breadcrumb\"},\"inLanguage\":\"pl-PL\",\"potentialAction\":[{\"@type\":\"ReadAction\",\"target\":[\"https:\/\/www.sylwester.pl\/przewodnik\/sylwester-miejski-20132013-w-lublinie-kayah-cerekwicka-badach\/\"]}]},{\"@type\":\"ImageObject\",\"inLanguage\":\"pl-PL\",\"@id\":\"https:\/\/www.sylwester.pl\/przewodnik\/sylwester-miejski-20132013-w-lublinie-kayah-cerekwicka-badach\/#primaryimage\",\"url\":\"https:\/\/www.sylwester.pl\/przewodnik\/wp-content\/uploads\/kayah-wymarzonysylwester-e1538039412648.jpg\",\"contentUrl\":\"https:\/\/www.sylwester.pl\/przewodnik\/wp-content\/uploads\/kayah-wymarzonysylwester-e1538039412648.jpg\",\"width\":500,\"height\":232,\"caption\":\"Sylwester w Lublinie 2013 - WymarzonySylwester.pl\"},{\"@type\":\"BreadcrumbList\",\"@id\":\"https:\/\/www.sylwester.pl\/przewodnik\/sylwester-miejski-20132013-w-lublinie-kayah-cerekwicka-badach\/#breadcrumb\",\"itemListElement\":[{\"@type\":\"ListItem\",\"position\":1,\"name\":\"Strona g\u0142\u00f3wna\",\"item\":\"https:\/\/www.sylwester.pl\/przewodnik\/\"},{\"@type\":\"ListItem\",\"position\":2,\"name\":\"Sylwester miejski 2013\/2013 w Lublinie: Kayah, Cerekwicka, Badach\"}]},{\"@type\":\"WebSite\",\"@id\":\"https:\/\/www.sylwester.pl\/przewodnik\/#website\",\"url\":\"https:\/\/www.sylwester.pl\/przewodnik\/\",\"name\":\"Sylwester.pl\",\"description\":\"Sylwester zaczyna si\u0119 tutaj.\",\"publisher\":{\"@id\":\"https:\/\/www.sylwester.pl\/przewodnik\/#organization\"},\"potentialAction\":[{\"@type\":\"SearchAction\",\"target\":{\"@type\":\"EntryPoint\",\"urlTemplate\":\"https:\/\/www.sylwester.pl\/przewodnik\/?s={search_term_string}\"},\"query-input\":{\"@type\":\"PropertyValueSpecification\",\"valueRequired\":true,\"valueName\":\"search_term_string\"}}],\"inLanguage\":\"pl-PL\"},{\"@type\":\"Organization\",\"@id\":\"https:\/\/www.sylwester.pl\/przewodnik\/#organization\",\"name\":\"Sylwester.pl\",\"url\":\"https:\/\/www.sylwester.pl\/przewodnik\/\",\"logo\":{\"@type\":\"ImageObject\",\"inLanguage\":\"pl-PL\",\"@id\":\"https:\/\/www.sylwester.pl\/przewodnik\/#\/schema\/logo\/image\/\",\"url\":\"https:\/\/www.sylwester.pl\/przewodnik\/wp-content\/uploads\/logo-sylwester.png\",\"contentUrl\":\"https:\/\/www.sylwester.pl\/przewodnik\/wp-content\/uploads\/logo-sylwester.png\",\"width\":177,\"height\":40,\"caption\":\"Sylwester.pl\"},\"image\":{\"@id\":\"https:\/\/www.sylwester.pl\/przewodnik\/#\/schema\/logo\/image\/\"}},{\"@type\":\"Person\",\"@id\":\"https:\/\/www.sylwester.pl\/przewodnik\/#\/schema\/person\/5a2dccd53cb782c2c018fd539e75c0a2\",\"name\":\"Sylwestrowo\",\"url\":\"https:\/\/www.sylwester.pl\/przewodnik\/author\/sylwestrowo\/\"}]}<\/script>\n<!-- \/ Yoast SEO plugin. -->","yoast_head_json":{"title":"Sylwester miejski 2013\/2013 w Lublinie: Kayah, Cerekwicka, Badach - Sylwester.pl","robots":{"index":"index","follow":"follow","max-snippet":"max-snippet:-1","max-image-preview":"max-image-preview:large","max-video-preview":"max-video-preview:-1"},"canonical":"https:\/\/www.sylwester.pl\/przewodnik\/sylwester-miejski-20132013-w-lublinie-kayah-cerekwicka-badach\/","og_locale":"pl_PL","og_type":"article","og_title":"Sylwester miejski 2013\/2013 w Lublinie: Kayah, Cerekwicka, Badach - Sylwester.pl","og_description":"Gwiazdami tegorocznego Sylwestra w Lublinie, kt\u00f3ry odb\u0119dzie si\u0119 na Placu Litewskim b\u0119d\u0105 Kayah, Kasia Cerekwicka, Kuba Badach i S\u0142awek Uniatowski.","og_url":"https:\/\/www.sylwester.pl\/przewodnik\/sylwester-miejski-20132013-w-lublinie-kayah-cerekwicka-badach\/","og_site_name":"Sylwester.pl","article_published_time":"2018-09-27T09:10:16+00:00","article_modified_time":"2023-10-18T09:21:15+00:00","og_image":[{"width":500,"height":232,"url":"https:\/\/www.sylwester.pl\/przewodnik\/wp-content\/uploads\/kayah-wymarzonysylwester-e1538039412648.jpg","type":"image\/jpeg"}],"author":"Sylwestrowo","twitter_card":"summary_large_image","twitter_misc":{"Napisane przez":"Sylwestrowo","Szacowany czas czytania":"2 minuty"},"schema":{"@context":"https:\/\/schema.org","@graph":[{"@type":"Article","@id":"https:\/\/www.sylwester.pl\/przewodnik\/sylwester-miejski-20132013-w-lublinie-kayah-cerekwicka-badach\/#article","isPartOf":{"@id":"https:\/\/www.sylwester.pl\/przewodnik\/sylwester-miejski-20132013-w-lublinie-kayah-cerekwicka-badach\/"},"author":{"name":"Sylwestrowo","@id":"https:\/\/www.sylwester.pl\/przewodnik\/#\/schema\/person\/5a2dccd53cb782c2c018fd539e75c0a2"},"headline":"Sylwester miejski 2013\/2013 w Lublinie: Kayah, Cerekwicka, Badach","datePublished":"2018-09-27T09:10:16+00:00","dateModified":"2023-10-18T09:21:15+00:00","mainEntityOfPage":{"@id":"https:\/\/www.sylwester.pl\/przewodnik\/sylwester-miejski-20132013-w-lublinie-kayah-cerekwicka-badach\/"},"wordCount":323,"commentCount":2,"publisher":{"@id":"https:\/\/www.sylwester.pl\/przewodnik\/#organization"},"image":{"@id":"https:\/\/www.sylwester.pl\/przewodnik\/sylwester-miejski-20132013-w-lublinie-kayah-cerekwicka-badach\/#primaryimage"},"thumbnailUrl":"https:\/\/www.sylwester.pl\/przewodnik\/wp-content\/uploads\/kayah-wymarzonysylwester-e1538039412648.jpg","keywords":["Lublin","Sylwester miejski w Lublinie"],"articleSection":["Sylwester miejski"],"inLanguage":"pl-PL","potentialAction":[{"@type":"CommentAction","name":"Comment","target":["https:\/\/www.sylwester.pl\/przewodnik\/sylwester-miejski-20132013-w-lublinie-kayah-cerekwicka-badach\/#respond"]}]},{"@type":"WebPage","@id":"https:\/\/www.sylwester.pl\/przewodnik\/sylwester-miejski-20132013-w-lublinie-kayah-cerekwicka-badach\/","url":"https:\/\/www.sylwester.pl\/przewodnik\/sylwester-miejski-20132013-w-lublinie-kayah-cerekwicka-badach\/","name":"Sylwester miejski 2013\/2013 w Lublinie: Kayah, Cerekwicka, Badach - Sylwester.pl","isPartOf":{"@id":"https:\/\/www.sylwester.pl\/przewodnik\/#website"},"primaryImageOfPage":{"@id":"https:\/\/www.sylwester.pl\/przewodnik\/sylwester-miejski-20132013-w-lublinie-kayah-cerekwicka-badach\/#primaryimage"},"image":{"@id":"https:\/\/www.sylwester.pl\/przewodnik\/sylwester-miejski-20132013-w-lublinie-kayah-cerekwicka-badach\/#primaryimage"},"thumbnailUrl":"https:\/\/www.sylwester.pl\/przewodnik\/wp-content\/uploads\/kayah-wymarzonysylwester-e1538039412648.jpg","datePublished":"2018-09-27T09:10:16+00:00","dateModified":"2023-10-18T09:21:15+00:00","breadcrumb":{"@id":"https:\/\/www.sylwester.pl\/przewodnik\/sylwester-miejski-20132013-w-lublinie-kayah-cerekwicka-badach\/#breadcrumb"},"inLanguage":"pl-PL","potentialAction":[{"@type":"ReadAction","target":["https:\/\/www.sylwester.pl\/przewodnik\/sylwester-miejski-20132013-w-lublinie-kayah-cerekwicka-badach\/"]}]},{"@type":"ImageObject","inLanguage":"pl-PL","@id":"https:\/\/www.sylwester.pl\/przewodnik\/sylwester-miejski-20132013-w-lublinie-kayah-cerekwicka-badach\/#primaryimage","url":"https:\/\/www.sylwester.pl\/przewodnik\/wp-content\/uploads\/kayah-wymarzonysylwester-e1538039412648.jpg","contentUrl":"https:\/\/www.sylwester.pl\/przewodnik\/wp-content\/uploads\/kayah-wymarzonysylwester-e1538039412648.jpg","width":500,"height":232,"caption":"Sylwester w Lublinie 2013 - WymarzonySylwester.pl"},{"@type":"BreadcrumbList","@id":"https:\/\/www.sylwester.pl\/przewodnik\/sylwester-miejski-20132013-w-lublinie-kayah-cerekwicka-badach\/#breadcrumb","itemListElement":[{"@type":"ListItem","position":1,"name":"Strona g\u0142\u00f3wna","item":"https:\/\/www.sylwester.pl\/przewodnik\/"},{"@type":"ListItem","position":2,"name":"Sylwester miejski 2013\/2013 w Lublinie: Kayah, Cerekwicka, Badach"}]},{"@type":"WebSite","@id":"https:\/\/www.sylwester.pl\/przewodnik\/#website","url":"https:\/\/www.sylwester.pl\/przewodnik\/","name":"Sylwester.pl","description":"Sylwester zaczyna si\u0119 tutaj.","publisher":{"@id":"https:\/\/www.sylwester.pl\/przewodnik\/#organization"},"potentialAction":[{"@type":"SearchAction","target":{"@type":"EntryPoint","urlTemplate":"https:\/\/www.sylwester.pl\/przewodnik\/?s={search_term_string}"},"query-input":{"@type":"PropertyValueSpecification","valueRequired":true,"valueName":"search_term_string"}}],"inLanguage":"pl-PL"},{"@type":"Organization","@id":"https:\/\/www.sylwester.pl\/przewodnik\/#organization","name":"Sylwester.pl","url":"https:\/\/www.sylwester.pl\/przewodnik\/","logo":{"@type":"ImageObject","inLanguage":"pl-PL","@id":"https:\/\/www.sylwester.pl\/przewodnik\/#\/schema\/logo\/image\/","url":"https:\/\/www.sylwester.pl\/przewodnik\/wp-content\/uploads\/logo-sylwester.png","contentUrl":"https:\/\/www.sylwester.pl\/przewodnik\/wp-content\/uploads\/logo-sylwester.png","width":177,"height":40,"caption":"Sylwester.pl"},"image":{"@id":"https:\/\/www.sylwester.pl\/przewodnik\/#\/schema\/logo\/image\/"}},{"@type":"Person","@id":"https:\/\/www.sylwester.pl\/przewodnik\/#\/schema\/person\/5a2dccd53cb782c2c018fd539e75c0a2","name":"Sylwestrowo","url":"https:\/\/www.sylwester.pl\/przewodnik\/author\/sylwestrowo\/"}]}},"_links":{"self":[{"href":"https:\/\/www.sylwester.pl\/przewodnik\/wp-json\/wp\/v2\/posts\/60301"}],"collection":[{"href":"https:\/\/www.sylwester.pl\/przewodnik\/wp-json\/wp\/v2\/posts"}],"about":[{"href":"https:\/\/www.sylwester.pl\/przewodnik\/wp-json\/wp\/v2\/types\/post"}],"author":[{"embeddable":true,"href":"https:\/\/www.sylwester.pl\/przewodnik\/wp-json\/wp\/v2\/users\/6"}],"replies":[{"embeddable":true,"href":"https:\/\/www.sylwester.pl\/przewodnik\/wp-json\/wp\/v2\/comments?post=60301"}],"version-history":[{"count":1,"href":"https:\/\/www.sylwester.pl\/przewodnik\/wp-json\/wp\/v2\/posts\/60301\/revisions"}],"predecessor-version":[{"id":60858,"href":"https:\/\/www.sylwester.pl\/przewodnik\/wp-json\/wp\/v2\/posts\/60301\/revisions\/60858"}],"wp:featuredmedia":[{"embeddable":true,"href":"https:\/\/www.sylwester.pl\/przewodnik\/wp-json\/wp\/v2\/media\/50259"}],"wp:attachment":[{"href":"https:\/\/www.sylwester.pl\/przewodnik\/wp-json\/wp\/v2\/media?parent=60301"}],"wp:term":[{"taxonomy":"category","embeddable":true,"href":"https:\/\/www.sylwester.pl\/przewodnik\/wp-json\/wp\/v2\/categories?post=60301"},{"taxonomy":"post_tag","embeddable":true,"href":"https:\/\/www.sylwester.pl\/przewodnik\/wp-json\/wp\/v2\/tags?post=60301"}],"curies":[{"name":"wp","href":"https:\/\/api.w.org\/{rel}","templated":true}]}}